                       {"id":15778,"date":"2020-07-22T14:53:02","date_gmt":"2020-07-22T19:53:02","guid":{"rendered":"http:\/\/laultimapalabra.info\/?p=15778"},"modified":"2024-12-11T10:01:18","modified_gmt":"2024-12-11T16:01:18","slug":"presenta-amlo-proyecto-de-reforma-para-aumentar-las-pensiones-en-un-40","status":"publish","type":"post","link":"https:\/\/laultimapalabra.com.mx\/portal\/presenta-amlo-proyecto-de-reforma-para-aumentar-las-pensiones-en-un-40\/","title":{"rendered":"Presenta Amlo proyecto de reforma para aumentar las pensiones en un 40%"},"content":{"rendered":"<p><img loading=\"lazy\" decoding=\"async\" class=\"size-medium wp-image-15779 alignright\" src=\"https:\/\/laultimapalabra.com.mx\/portal\/wp-content\/uploads\/2020\/07\/amlo2-focus-0-0-600-315-300x158.jpg\" alt=\"\" width=\"300\" height=\"158\" srcset=\"https:\/\/laultimapalabra.com.mx\/portal\/wp-content\/uploads\/2020\/07\/amlo2-focus-0-0-600-315-300x158.jpg 300w, https:\/\/laultimapalabra.com.mx\/portal\/wp-content\/uploads\/2020\/07\/amlo2-focus-0-0-600-315.jpg 480w\" sizes=\"auto, (max-width: 300px) 100vw, 300px\" \/>M\u00e9xico.-\u00a0<span style=\"font-size: 1rem;\">\u00a0El Gobierno mexicano anunci\u00f3 hoy una reforma al Sistema de Ahorro para el Retiro (SAR) con la meta de aumentar en 40 % el ingreso de los jubilados gracias al compromiso de los patrones de incrementar en m\u00e1s del doble sus aportaciones.<\/span><\/p>\n<p><span style=\"font-weight: 400;\">La iniciativa tambi\u00e9n crecer\u00eda de 34 % al 82 % la cobertura de trabajadores con una pensi\u00f3n garantizada y elevar\u00eda de 56 % a 97 % el n\u00famero de mexicanos activos con derecho a una pensi\u00f3n, expuso el secretario de Hacienda y Cr\u00e9dito P\u00fablico (SHCP), Arturo Herrera.<\/span><\/p>\n<p><span style=\"font-weight: 400;\">La nueva normativa reducir\u00eda el requisito de 1,250 semanas (25 a\u00f1os) de cotizaci\u00f3n a solo 750 semanas (15 a\u00f1os) para el derecho a una pensi\u00f3n garantizada.<\/span><\/p>\n<p><span style=\"font-weight: 400;\">Tambi\u00e9n incrementar\u00eda la aportaci\u00f3n total a la pensi\u00f3n de 6,5 % a 15 % sin aumentar la cuota de los trabajadores, esto ocurrir\u00e1 porque la aportaci\u00f3n patronal se eleva de 5,15 % a 13,87 % mientras que la del Estado se modifica para solo beneficiar a quienes ganan hasta cuatro salarios m\u00ednimos.<\/span><\/p>\n<p><span style=\"font-weight: 400;\">Esta ser\u00e1 la primera reforma al sistema de pensiones desde 1997, cuando se crearon las Administradoras de Fondos para el Retiro (Afore), un sistema privado en el que trabajadores, empresarios y gobierno aportan para la jubilaci\u00f3n.<\/span><\/p>\n<p><span style=\"font-weight: 400;\">Estima, adem\u00e1s, que 80,000 mexicanos alcanzar\u00e1n la edad de jubilaci\u00f3n en 2022, pero 7 de cada 10 no acumular\u00e1n las 1.250 semanas de cotizaci\u00f3n necesaria.<\/span><\/p>\n<p><span style=\"font-weight: 400;\">La iniciativa se enviar\u00e1 al Congreso para someterla a votaci\u00f3n.<\/span><\/p>\n<p><span style=\"font-weight: 400;\">El presidente Andr\u00e9s Manuel L\u00f3pez Obrador urgi\u00f3 al Congreso a aprobar la reforma para evitar una crisis de las finanzas.<\/span><\/p>\n","protected":false},"excerpt":{"rendered":"<p>M\u00e9xico.-\u00a0\u00a0El Gobierno mexicano anunci\u00f3 hoy una reforma al Sistema de Ahorro para el Retiro (SAR) con la meta de aumentar en 40 % el ingreso de los jubilados gracias al compromiso de los patrones de incrementar en m\u00e1s del doble sus aportaciones. La iniciativa tambi\u00e9n crecer\u00eda de 34 % al 82 % la cobertura de [&hellip;]<\/p>\n","protected":false},"author":9,"featured_media":15779,"comment_status":"open","ping_status":"closed","sticky":false,"template":"","format":"standard","meta":{"footnotes":""},"categories":[19],"tags":[124,2800],"class_list":["post-15778","post","type-post","status-publish","format-standard","has-post-thumbnail","hentry","category-nacional","tag-amlo","tag-reforma-pensiones"],"_links":{"self":[{"href":"https:\/\/laultimapalabra.com.mx\/portal\/wp-json\/wp\/v2\/posts\/15778","targetHints":{"allow":["GET"]}}],"collection":[{"href":"https:\/\/laultimapalabra.com.mx\/portal\/wp-json\/wp\/v2\/posts"}],"about":[{"href":"https:\/\/laultimapalabra.com.mx\/portal\/wp-json\/wp\/v2\/types\/post"}],"author":[{"embeddable":true,"href":"https:\/\/laultimapalabra.com.mx\/portal\/wp-json\/wp\/v2\/users\/9"}],"replies":[{"embeddable":true,"href":"https:\/\/laultimapalabra.com.mx\/portal\/wp-json\/wp\/v2\/comments?post=15778"}],"version-history":[{"count":1,"href":"https:\/\/laultimapalabra.com.mx\/portal\/wp-json\/wp\/v2\/posts\/15778\/revisions"}],"predecessor-version":[{"id":71173,"href":"https:\/\/laultimapalabra.com.mx\/portal\/wp-json\/wp\/v2\/posts\/15778\/revisions\/71173"}],"wp:featuredmedia":[{"embeddable":true,"href":"https:\/\/laultimapalabra.com.mx\/portal\/wp-json\/wp\/v2\/media\/15779"}],"wp:attachment":[{"href":"https:\/\/laultimapalabra.com.mx\/portal\/wp-json\/wp\/v2\/media?parent=15778"}],"wp:term":[{"taxonomy":"category","embeddable":true,"href":"https:\/\/laultimapalabra.com.mx\/portal\/wp-json\/wp\/v2\/categories?post=15778"},{"taxonomy":"post_tag","embeddable":true,"href":"https:\/\/laultimapalabra.com.mx\/portal\/wp-json\/wp\/v2\/tags?post=15778"}],"curies":[{"name":"wp","href":"https:\/\/api.w.org\/{rel}","templated":true}]}}