                       {"id":158,"date":"2018-02-01T23:31:55","date_gmt":"2018-02-01T23:31:55","guid":{"rendered":"http:\/\/laultimapalabra.info\/?p=158"},"modified":"2024-12-11T08:36:54","modified_gmt":"2024-12-11T14:36:54","slug":"el-quemador","status":"publish","type":"post","link":"https:\/\/laultimapalabra.com.mx\/portal\/el-quemador\/","title":{"rendered":"El Quemador"},"content":{"rendered":"<p><img loading=\"lazy\" decoding=\"async\" class=\"size-medium wp-image-159 aligncenter\" src=\"https:\/\/laultimapalabra.com.mx\/portal\/wp-content\/uploads\/2018\/02\/Banner-Caliente-copia-300x171.jpg\" alt=\"\" width=\"300\" height=\"171\" \/><\/p>\n<p style=\"text-align: justify;\">Por: El Repre<\/p>\n<p style=\"text-align: justify;\">CAMBIOS<br \/>\nIniciamos esta columneja cont\u00e1ndoles que a partir del d\u00eda de ayer en nuestra refiner\u00eda hubo cambios en la Gerencia\u2026as\u00ed es compitas el Inge Daniel Lira fue enviado a la CDMX y en su lugar lleg\u00f3 la Ingeniero Elizabeth Andrade (es mujer nuestra nueva Gerente compitas)\u2026la pr\u00f3xima semana les daremos m\u00e1s informaci\u00f3n de la mera mera de la Refi Cadereyta!!<br \/>\nPUERTA 3<br \/>\nNos cuentan que se reactiv\u00f3 el funcionamiento de la puerta 3 para que ingresen los contratistas, bien por ellos, el asunto es que est\u00e1 causando descontento entre los trabajadores pues a la hora de entrada se causa un congestionamiento en la rotonda tipo Constituci\u00f3n y Gonzalitos\u2026s\u00edganle!!<br \/>\nVIGILANCIA<br \/>\nAdem\u00e1s del trafical, lo que hace falta son vigilantes para tratar de poner orden en toda la avenida\u2026 la gran pregunta es: \u00bfqui\u00e9n se beneficia con esta nueva disposici\u00f3n? Pues lo \u00fanico cierto es que incomoda mucho a los trabajadores petroleros, pues tienen que dejar a la suerte sus veh\u00edculos\u2026si entre los mismos pasan cosas, imag\u00ednense con terceros desconocidos!!<br \/>\nLEYENDA<br \/>\nCuenta la leyenda que quien promovi\u00f3 la reactivaci\u00f3n de la puerta 3 fue el Ingeniero Rafa Aguill\u00e9n, que por cierto ya est\u00e1 jubilado pero movi\u00f3 sus influencias con los altos jerarcas para no caminar tanto ahora que le trabaja a la compa\u00f1\u00eda HOSTO\u2026tan querido y respetado es el Inge Aguill\u00e9n que a\u00fan tiene autorizaci\u00f3n de ingresar por la puerta vehicular numero1!!<br \/>\nEL FURCIO<br \/>\nDe parte de la raza de compa\u00f1\u00edas nos llega la queja de un lacrita de Contra Incendio llamado Carlos Alberto, alias el Furcio, quien anda cazando a la raza de naranja retir\u00e1ndoles su tel\u00e9fono celular y pidiendo hasta $250.00 por regresarlo sin hacer tanto relajo\u2026caso contrario el proceder\u00e1 a llamar a vigilancia para que saquen al personal por no acatar las normas de seguridad\u2026as\u00ed las cosas con esta lacra!!<br \/>\nJAIR Y CAMACHO<br \/>\nAlguien dijo que este es a\u00f1o pol\u00edtico y la grilla anda al 1000 raz\u00f3n por la cual en Contra Incendio ya est\u00e1n levantando polvo los \u201csabelotodo\u201d del sangronazo de Jair y el huevas de Joelito Camacho, exigiendo el pago de tiempo extra insalubre por todos los trabajos que realizan\u2026 primero deber\u00edan de leer bien el CCTV y despu\u00e9s ponerse a trabajar\u2026despu\u00e9s de esto s\u00ed, solicitar lo que este pactado\u2026pero no se hagan m\u00e1rtires para ganar adeptos a las pr\u00f3ximas elecciones de representantes\u2026par de oportunistas!!<br \/>\nFUERZA<br \/>\nYa que tocamos este tema nos platican que en la Planta de Fuerza y sus filiales anda muy activo un personaje que quiere ser verdadero comisionado sindical y que actualmente solo es vocal de la Comisi\u00f3n pista\u2026desde el a\u00f1o pasado anda muy movido con su gente llevando despensas, cenas, comidas y todo para ganar adeptos, veamos si le funciona o solo lo est\u00e1n aprovechando el pillinazo del Yorchs Salazar!!<br \/>\nACOSO LABORAL<br \/>\nPues en d\u00edas pasados una publicaci\u00f3n de Facebook causo mucho ruido entre los compitas de Ventas\u2026resulta que la mentada red de corrupci\u00f3n que impera en toda la TAD est\u00e1 afectando gravemente a una compa\u00f1era del \u00e1rea de mantenimiento\u2026ojala los altos mandos tomen cartas en el asunto y llegue a los \u00f3rganos internos de no discriminaci\u00f3n!!<br \/>\nCABALLITO<br \/>\nNos dimos la tarea de investigar los nombres de los involucrados y la discriminada es Karinita B\u00e1ez que por ser mujer en un \u00e1rea de hombres no la dejan ascender\u2026el representante que la bloquea es Juan Charly L\u00f3pez alias &#8220;El caballito&#8221; quien la ha brincado desde hace 4 a\u00f1os dej\u00e1ndola relegada de obrera\u2026tambi\u00e9n se sabe que quienes no le firman los ascensos son el corrupto Eldad y el Inge Contreras!!<br \/>\nDISCRIMINACI\u00d3N<br \/>\nEs intolerable que en plena campa\u00f1a de PEMEX contra la no discriminaci\u00f3n y violencia a las mujeres existan estos casos\u2026ojala que castiguen a los responsables de este abuso que afecta de gran manera a Karinita, que dicho sea de paso es una mujer valiente y muy trabajadora!!<br \/>\nBODA DEL A\u00d1O<br \/>\nY ya para despedirnos muy contentos estamos, pues ma\u00f1ana es el gran d\u00eda, grandes personalidades se dar\u00e1n cita en la boda de Rafita Junior en los Cancunes\u2026la crema y nata de nuestra querida Secci\u00f3n estar\u00e1n de vacaciones aprovechando el festivo\u2026de hecho desde hoy viernes muchos petroleros de la 49 estamos disfrutando del sol, el mar y la arena en Canc\u00fan\u2026nos colamos a la boda del a\u00f1o compitas, felicidades a los novios Evelyn y Rafael!!&#8230;Arrivederchi!!<\/p>\n","protected":false},"excerpt":{"rendered":"<p>Por: El Repre CAMBIOS Iniciamos esta columneja cont\u00e1ndoles que a partir del d\u00eda de ayer en nuestra refiner\u00eda hubo cambios en la Gerencia\u2026as\u00ed es compitas el Inge Daniel Lira fue enviado a la CDMX y en su lugar lleg\u00f3 la Ingeniero Elizabeth Andrade (es mujer nuestra nueva Gerente compitas)\u2026la pr\u00f3xima semana les daremos m\u00e1s informaci\u00f3n [&hellip;]<\/p>\n","protected":false},"author":9,"featured_media":159,"comment_status":"open","ping_status":"closed","sticky":false,"template":"","format":"standard","meta":{"footnotes":""},"categories":[1],"tags":[943],"class_list":["post-158","post","type-post","status-publish","format-standard","has-post-thumbnail","hentry","category-noticias","tag-el-repre"],"_links":{"self":[{"href":"https:\/\/laultimapalabra.com.mx\/portal\/wp-json\/wp\/v2\/posts\/158","targetHints":{"allow":["GET"]}}],"collection":[{"href":"https:\/\/laultimapalabra.com.mx\/portal\/wp-json\/wp\/v2\/posts"}],"about":[{"href":"https:\/\/laultimapalabra.com.mx\/portal\/wp-json\/wp\/v2\/types\/post"}],"author":[{"embeddable":true,"href":"https:\/\/laultimapalabra.com.mx\/portal\/wp-json\/wp\/v2\/users\/9"}],"replies":[{"embeddable":true,"href":"https:\/\/laultimapalabra.com.mx\/portal\/wp-json\/wp\/v2\/comments?post=158"}],"version-history":[{"count":1,"href":"https:\/\/laultimapalabra.com.mx\/portal\/wp-json\/wp\/v2\/posts\/158\/revisions"}],"predecessor-version":[{"id":63159,"href":"https:\/\/laultimapalabra.com.mx\/portal\/wp-json\/wp\/v2\/posts\/158\/revisions\/63159"}],"wp:featuredmedia":[{"embeddable":true,"href":"https:\/\/laultimapalabra.com.mx\/portal\/wp-json\/"}],"wp:attachment":[{"href":"https:\/\/laultimapalabra.com.mx\/portal\/wp-json\/wp\/v2\/media?parent=158"}],"wp:term":[{"taxonomy":"category","embeddable":true,"href":"https:\/\/laultimapalabra.com.mx\/portal\/wp-json\/wp\/v2\/categories?post=158"},{"taxonomy":"post_tag","embeddable":true,"href":"https:\/\/laultimapalabra.com.mx\/portal\/wp-json\/wp\/v2\/tags?post=158"}],"curies":[{"name":"wp","href":"https:\/\/api.w.org\/{rel}","templated":true}]}}