                       {"id":15808,"date":"2020-07-08T17:20:38","date_gmt":"2020-07-08T22:20:38","guid":{"rendered":"http:\/\/laultimapalabra.info\/?p=15808"},"modified":"2024-12-11T10:02:33","modified_gmt":"2024-12-11T16:02:33","slug":"encontronazo-con-el-tren-casi-al-llegar-a-san-juan","status":"publish","type":"post","link":"https:\/\/laultimapalabra.com.mx\/portal\/encontronazo-con-el-tren-casi-al-llegar-a-san-juan\/","title":{"rendered":"Encontronazo con el tren casi al llegar a San Juan"},"content":{"rendered":"<p style=\"text-align: justify;\"><img loading=\"lazy\" decoding=\"async\" class=\"size-medium wp-image-15809 alignleft\" src=\"https:\/\/laultimapalabra.com.mx\/portal\/wp-content\/uploads\/2020\/07\/WhatsApp-Image-2020-07-08-at-7.19.01-AM-1-300x144.jpeg\" alt=\"\" width=\"300\" height=\"144\" srcset=\"https:\/\/laultimapalabra.com.mx\/portal\/wp-content\/uploads\/2020\/07\/WhatsApp-Image-2020-07-08-at-7.19.01-AM-1-300x144.jpeg 300w, https:\/\/laultimapalabra.com.mx\/portal\/wp-content\/uploads\/2020\/07\/WhatsApp-Image-2020-07-08-at-7.19.01-AM-1-1024x492.jpeg 1024w, https:\/\/laultimapalabra.com.mx\/portal\/wp-content\/uploads\/2020\/07\/WhatsApp-Image-2020-07-08-at-7.19.01-AM-1-768x369.jpeg 768w, https:\/\/laultimapalabra.com.mx\/portal\/wp-content\/uploads\/2020\/07\/WhatsApp-Image-2020-07-08-at-7.19.01-AM-1.jpeg 1040w\" sizes=\"auto, (max-width: 300px) 100vw, 300px\" \/>Cadereyta Jimenez, N. L.-\u00a0 Un fuerte accidente\u00a0 se suscit\u00f3 ayer en las v\u00edas del tren sobre la carretera libre a Reynosa con rumbo a la delegaci\u00f3n San Juan.<\/p>\n<p style=\"text-align: justify;\">El tren se dirijia de Monterrey a Tampico y el tr\u00e0iler iba saliendo de San Juan con destino a Santa Fe. Esto ocurri\u00f3 alrededor de las 21:00 horas, en el cruce principal de la entrada al poblado de San Juan frente a la antigua Estaci\u00f3n del ferrocarril, no hubo v\u00edctimas mortales afortunadamente, el conductor y copiloto lesionados del trailer fueron trasladados en un veh\u00edculo privado tipo camioneta color roja a una cl\u00ednica privada de cadereyta y se especula que dicha camioneta tiene relaci\u00f3n con el trailer o ch\u00f3fer de este.<\/p>\n<p style=\"text-align: justify;\">Estuvieron atendiendo el siniestro\u00a0 elementos de Protecci\u00f3n Civil, Servicios M\u00e9dicos de Emergencias, y Polic\u00eda local.<\/p>\n","protected":false},"excerpt":{"rendered":"<p>Cadereyta Jimenez, N. L.-\u00a0 Un fuerte accidente\u00a0 se suscit\u00f3 ayer en las v\u00edas del tren sobre la carretera libre a Reynosa con rumbo a la delegaci\u00f3n San Juan. El tren se dirijia de Monterrey a Tampico y el tr\u00e0iler iba saliendo de San Juan con destino a Santa Fe. Esto ocurri\u00f3 alrededor de las 21:00 [&hellip;]<\/p>\n","protected":false},"author":9,"featured_media":15811,"comment_status":"open","ping_status":"closed","sticky":false,"template":"","format":"standard","meta":{"footnotes":""},"categories":[17],"tags":[551],"class_list":["post-15808","post","type-post","status-publish","format-standard","has-post-thumbnail","hentry","category-locales-cadereyta","tag-choques-cadereyta"],"_links":{"self":[{"href":"https:\/\/laultimapalabra.com.mx\/portal\/wp-json\/wp\/v2\/posts\/15808","targetHints":{"allow":["GET"]}}],"collection":[{"href":"https:\/\/laultimapalabra.com.mx\/portal\/wp-json\/wp\/v2\/posts"}],"about":[{"href":"https:\/\/laultimapalabra.com.mx\/portal\/wp-json\/wp\/v2\/types\/post"}],"author":[{"embeddable":true,"href":"https:\/\/laultimapalabra.com.mx\/portal\/wp-json\/wp\/v2\/users\/9"}],"replies":[{"embeddable":true,"href":"https:\/\/laultimapalabra.com.mx\/portal\/wp-json\/wp\/v2\/comments?post=15808"}],"version-history":[{"count":1,"href":"https:\/\/laultimapalabra.com.mx\/portal\/wp-json\/wp\/v2\/posts\/15808\/revisions"}],"predecessor-version":[{"id":71186,"href":"https:\/\/laultimapalabra.com.mx\/portal\/wp-json\/wp\/v2\/posts\/15808\/revisions\/71186"}],"wp:featuredmedia":[{"embeddable":true,"href":"https:\/\/laultimapalabra.com.mx\/portal\/wp-json\/wp\/v2\/media\/15811"}],"wp:attachment":[{"href":"https:\/\/laultimapalabra.com.mx\/portal\/wp-json\/wp\/v2\/media?parent=15808"}],"wp:term":[{"taxonomy":"category","embeddable":true,"href":"https:\/\/laultimapalabra.com.mx\/portal\/wp-json\/wp\/v2\/categories?post=15808"},{"taxonomy":"post_tag","embeddable":true,"href":"https:\/\/laultimapalabra.com.mx\/portal\/wp-json\/wp\/v2\/tags?post=15808"}],"curies":[{"name":"wp","href":"https:\/\/api.w.org\/{rel}","templated":true}]}}