                       {"id":15895,"date":"2020-07-27T10:10:42","date_gmt":"2020-07-27T15:10:42","guid":{"rendered":"http:\/\/laultimapalabra.info\/?p=15895"},"modified":"2024-12-11T10:02:34","modified_gmt":"2024-12-11T16:02:34","slug":"evacuan-a-400-personas-en-cadereyta","status":"publish","type":"post","link":"https:\/\/laultimapalabra.com.mx\/portal\/evacuan-a-400-personas-en-cadereyta\/","title":{"rendered":"Evacuan a 400 personas en Cadereyta"},"content":{"rendered":"<p><img loading=\"lazy\" decoding=\"async\" class=\"size-medium wp-image-15896 alignleft\" src=\"https:\/\/laultimapalabra.com.mx\/portal\/wp-content\/uploads\/2020\/07\/FB_IMG_1595924376674-225x300.jpg\" alt=\"\" width=\"225\" height=\"300\" srcset=\"https:\/\/laultimapalabra.com.mx\/portal\/wp-content\/uploads\/2020\/07\/FB_IMG_1595924376674-225x300.jpg 225w, https:\/\/laultimapalabra.com.mx\/portal\/wp-content\/uploads\/2020\/07\/FB_IMG_1595924376674.jpg 720w\" sizes=\"auto, (max-width: 225px) 100vw, 225px\" \/>Monterrey, M\u00e9xico (27 julio 2020).- Ante\u00a0la amenaza de desborde de un arroyo, elementos de rescate y de la Guardia Nacional evacuaron a por lo menos 400 personas de sus domicilios, en tres colonias de Cadereyta.<\/p>\n<p>La hora de tensi\u00f3n por la inundaci\u00f3n se dio poco antes de la medianoche, en colonias como Fomerrey Cadereyta, Fidel Vel\u00e1zquez y Alfredo Bonfil.<\/p>\n<p>La alerta de inundaci\u00f3n se dio cuando ya estaba por desbordarse el arroyo Abasolo, a la altura de esas colonias y el cual atraviesa gran parte de Cadereyta.<\/p>\n<p>Protecci\u00f3n Civil del Estado inform\u00f3 que de las 400 personas evacuadas, s\u00f3lo 18 pasaron la noche en albergues ya establecidos por el municipio.<\/p>\n","protected":false},"excerpt":{"rendered":"<p>Monterrey, M\u00e9xico (27 julio 2020).- Ante\u00a0la amenaza de desborde de un arroyo, elementos de rescate y de la Guardia Nacional evacuaron a por lo menos 400 personas de sus domicilios, en tres colonias de Cadereyta. La hora de tensi\u00f3n por la inundaci\u00f3n se dio poco antes de la medianoche, en colonias como Fomerrey Cadereyta, Fidel [&hellip;]<\/p>\n","protected":false},"author":9,"featured_media":15897,"comment_status":"open","ping_status":"closed","sticky":false,"template":"","format":"standard","meta":{"footnotes":""},"categories":[17],"tags":[2812,1172,2136],"class_list":["post-15895","post","type-post","status-publish","format-standard","has-post-thumbnail","hentry","category-locales-cadereyta","tag-evacuacion-hanna-cadereyta","tag-guillermo-de-leon-delgado","tag-servicios-de-emergencias-cadereyta"],"_links":{"self":[{"href":"https:\/\/laultimapalabra.com.mx\/portal\/wp-json\/wp\/v2\/posts\/15895","targetHints":{"allow":["GET"]}}],"collection":[{"href":"https:\/\/laultimapalabra.com.mx\/portal\/wp-json\/wp\/v2\/posts"}],"about":[{"href":"https:\/\/laultimapalabra.com.mx\/portal\/wp-json\/wp\/v2\/types\/post"}],"author":[{"embeddable":true,"href":"https:\/\/laultimapalabra.com.mx\/portal\/wp-json\/wp\/v2\/users\/9"}],"replies":[{"embeddable":true,"href":"https:\/\/laultimapalabra.com.mx\/portal\/wp-json\/wp\/v2\/comments?post=15895"}],"version-history":[{"count":1,"href":"https:\/\/laultimapalabra.com.mx\/portal\/wp-json\/wp\/v2\/posts\/15895\/revisions"}],"predecessor-version":[{"id":71232,"href":"https:\/\/laultimapalabra.com.mx\/portal\/wp-json\/wp\/v2\/posts\/15895\/revisions\/71232"}],"wp:featuredmedia":[{"embeddable":true,"href":"https:\/\/laultimapalabra.com.mx\/portal\/wp-json\/wp\/v2\/media\/15897"}],"wp:attachment":[{"href":"https:\/\/laultimapalabra.com.mx\/portal\/wp-json\/wp\/v2\/media?parent=15895"}],"wp:term":[{"taxonomy":"category","embeddable":true,"href":"https:\/\/laultimapalabra.com.mx\/portal\/wp-json\/wp\/v2\/categories?post=15895"},{"taxonomy":"post_tag","embeddable":true,"href":"https:\/\/laultimapalabra.com.mx\/portal\/wp-json\/wp\/v2\/tags?post=15895"}],"curies":[{"name":"wp","href":"https:\/\/api.w.org\/{rel}","templated":true}]}}