                       {"id":16011,"date":"2020-08-02T23:50:05","date_gmt":"2020-08-03T04:50:05","guid":{"rendered":"http:\/\/laultimapalabra.info\/?p=16011"},"modified":"2024-12-11T10:02:35","modified_gmt":"2024-12-11T16:02:35","slug":"choque-deja-7-lesionados-en-cadereyta","status":"publish","type":"post","link":"https:\/\/laultimapalabra.com.mx\/portal\/choque-deja-7-lesionados-en-cadereyta\/","title":{"rendered":"Choque deja 7 lesionados en Cadereyta"},"content":{"rendered":"<p><span style=\"font-size: 1rem;\">Dos lesionados fueron trasladados al Hospital de Pemex y cinco m\u00e1s a una cl\u00ednica privada.<\/span><\/p>\n<p><img loading=\"lazy\" decoding=\"async\" class=\"size-medium wp-image-16012 alignleft\" src=\"https:\/\/laultimapalabra.com.mx\/portal\/wp-content\/uploads\/2020\/08\/guuf-300x183.jpg\" alt=\"\" width=\"300\" height=\"183\" srcset=\"https:\/\/laultimapalabra.com.mx\/portal\/wp-content\/uploads\/2020\/08\/guuf-300x183.jpg 300w, https:\/\/laultimapalabra.com.mx\/portal\/wp-content\/uploads\/2020\/08\/guuf-768x467.jpg 768w, https:\/\/laultimapalabra.com.mx\/portal\/wp-content\/uploads\/2020\/08\/guuf-240x145.jpg 240w, https:\/\/laultimapalabra.com.mx\/portal\/wp-content\/uploads\/2020\/08\/guuf.jpg 960w\" sizes=\"auto, (max-width: 300px) 100vw, 300px\" \/>CADEREYTA.- Un fuerte choque dej\u00f3 como saldo siete personas lesionadas en la carretera Allende-Cadereyta.<\/p>\n<p>Los hechos ocurrieron durante la tarde de este domingo donde uno de los afectados qued\u00f3 prensando.<\/p>\n<p>Al lugar acudieron elementos de Protecci\u00f3n Civil municipal, as\u00ed como param\u00e9dicos de la Cruz Roja, quienes trasladaron dos lesionados al Hospital de Pemex y cinco m\u00e1s a una cl\u00ednica privada.<\/p>\n<p>Fuente: Telediario<\/p>\n","protected":false},"excerpt":{"rendered":"<p>Dos lesionados fueron trasladados al Hospital de Pemex y cinco m\u00e1s a una cl\u00ednica privada. CADEREYTA.- Un fuerte choque dej\u00f3 como saldo siete personas lesionadas en la carretera Allende-Cadereyta. Los hechos ocurrieron durante la tarde de este domingo donde uno de los afectados qued\u00f3 prensando. Al lugar acudieron elementos de Protecci\u00f3n Civil municipal, as\u00ed como [&hellip;]<\/p>\n","protected":false},"author":9,"featured_media":16012,"comment_status":"open","ping_status":"closed","sticky":false,"template":"","format":"standard","meta":{"footnotes":""},"categories":[17],"tags":[551],"class_list":["post-16011","post","type-post","status-publish","format-standard","has-post-thumbnail","hentry","category-locales-cadereyta","tag-choques-cadereyta"],"_links":{"self":[{"href":"https:\/\/laultimapalabra.com.mx\/portal\/wp-json\/wp\/v2\/posts\/16011","targetHints":{"allow":["GET"]}}],"collection":[{"href":"https:\/\/laultimapalabra.com.mx\/portal\/wp-json\/wp\/v2\/posts"}],"about":[{"href":"https:\/\/laultimapalabra.com.mx\/portal\/wp-json\/wp\/v2\/types\/post"}],"author":[{"embeddable":true,"href":"https:\/\/laultimapalabra.com.mx\/portal\/wp-json\/wp\/v2\/users\/9"}],"replies":[{"embeddable":true,"href":"https:\/\/laultimapalabra.com.mx\/portal\/wp-json\/wp\/v2\/comments?post=16011"}],"version-history":[{"count":1,"href":"https:\/\/laultimapalabra.com.mx\/portal\/wp-json\/wp\/v2\/posts\/16011\/revisions"}],"predecessor-version":[{"id":71298,"href":"https:\/\/laultimapalabra.com.mx\/portal\/wp-json\/wp\/v2\/posts\/16011\/revisions\/71298"}],"wp:featuredmedia":[{"embeddable":true,"href":"https:\/\/laultimapalabra.com.mx\/portal\/wp-json\/wp\/v2\/media\/16012"}],"wp:attachment":[{"href":"https:\/\/laultimapalabra.com.mx\/portal\/wp-json\/wp\/v2\/media?parent=16011"}],"wp:term":[{"taxonomy":"category","embeddable":true,"href":"https:\/\/laultimapalabra.com.mx\/portal\/wp-json\/wp\/v2\/categories?post=16011"},{"taxonomy":"post_tag","embeddable":true,"href":"https:\/\/laultimapalabra.com.mx\/portal\/wp-json\/wp\/v2\/tags?post=16011"}],"curies":[{"name":"wp","href":"https:\/\/api.w.org\/{rel}","templated":true}]}}