                       {"id":16052,"date":"2020-08-04T15:23:02","date_gmt":"2020-08-04T20:23:02","guid":{"rendered":"http:\/\/laultimapalabra.info\/?p=16052"},"modified":"2024-12-11T10:02:35","modified_gmt":"2024-12-11T16:02:35","slug":"llega-a-mas-de-2mil-casos-de-covid-en-juarez","status":"publish","type":"post","link":"https:\/\/laultimapalabra.com.mx\/portal\/llega-a-mas-de-2mil-casos-de-covid-en-juarez\/","title":{"rendered":"Llega a m\u00e1s de 2mil casos de Covid en Ju\u00e1rez"},"content":{"rendered":"<p><span style=\"font-size: 1rem;\">*Los mercados rodantes siendo uno de los m\u00e1s importantes puntos de contagio, no son supervisados por autoridad alguna.<\/span><\/p>\n<p><img loading=\"lazy\" decoding=\"async\" class=\"size-medium wp-image-16054 alignleft\" src=\"https:\/\/laultimapalabra.com.mx\/portal\/wp-content\/uploads\/2020\/08\/Screenshot_20200804_150807-206x300.jpg\" alt=\"\" width=\"206\" height=\"300\" srcset=\"https:\/\/laultimapalabra.com.mx\/portal\/wp-content\/uploads\/2020\/08\/Screenshot_20200804_150807-206x300.jpg 206w, https:\/\/laultimapalabra.com.mx\/portal\/wp-content\/uploads\/2020\/08\/Screenshot_20200804_150807-702x1024.jpg 702w, https:\/\/laultimapalabra.com.mx\/portal\/wp-content\/uploads\/2020\/08\/Screenshot_20200804_150807-768x1120.jpg 768w, https:\/\/laultimapalabra.com.mx\/portal\/wp-content\/uploads\/2020\/08\/Screenshot_20200804_150807-1053x1536.jpg 1053w, https:\/\/laultimapalabra.com.mx\/portal\/wp-content\/uploads\/2020\/08\/Screenshot_20200804_150807.jpg 1080w\" sizes=\"auto, (max-width: 206px) 100vw, 206px\" \/>Ju\u00e1rez, N.L.- Desde el d\u00eda de ayer se registraron m\u00e1s de dos mil casos de contagio de Covid 19 en este municipio, sin embargo aunque las autoridades hacen lo posible para que la poblaci\u00f3n no siga incrementando este n\u00famero, el trasporte p\u00fablico y los mercados rodantes siguen siendo dos de los puntos de contagio m\u00e1s fuertes en la ciudad.<br \/>\nY aunque se supone que en el caso de los mercados, \u00e9stos no deber\u00edan de tener m\u00e1s que puestos de venta de cosas esenciales, pues la realidad es que no han sido para nada suspendidos y que las aglomeraciones de ciudadanos son bastante considerables, donde la mayor\u00eda de ellos no portan cubre bocas y no mantienen la sana distancia, aparte de llevar a ellos a menores de edad sin la m\u00e1s m\u00ednima medida de prevenci\u00f3n.<br \/>\nTal es el caso del mercado que se pone los lunes en Villas de San Jos\u00e9 y Villas de San Juan, o el de la avenida Paseo San Juan, donde no hay control ni vigilancia sanitaria<br \/>\nHabiendo tambi\u00e9n otros que se ubican en Flor de Loto de Villas de San Jos\u00e9 o el de los jueves y domingos en Real de San Jos\u00e9; adem\u00e1s el del jueves en la avenida Arturo B de la Garza y muchos otros puntos, que deber\u00edan ser supervisados con la intenci\u00f3n de implementar las medidas sanitarias pertinentes para que Ju\u00e1rez deje de ser considerado como foco rojo en n\u00famero de casos de este virus.<\/p>\n<p>Fuente: Peri\u00f3dico La \u00daltima Palabra<\/p>\n","protected":false},"excerpt":{"rendered":"<p>*Los mercados rodantes siendo uno de los m\u00e1s importantes puntos de contagio, no son supervisados por autoridad alguna. Ju\u00e1rez, N.L.- Desde el d\u00eda de ayer se registraron m\u00e1s de dos mil casos de contagio de Covid 19 en este municipio, sin embargo aunque las autoridades hacen lo posible para que la poblaci\u00f3n no siga incrementando [&hellip;]<\/p>\n","protected":false},"author":9,"featured_media":16053,"comment_status":"open","ping_status":"closed","sticky":false,"template":"","format":"standard","meta":{"footnotes":""},"categories":[18],"tags":[2433,2837],"class_list":["post-16052","post","type-post","status-publish","format-standard","has-post-thumbnail","hentry","category-locales-juarez","tag-covid-19-juarez","tag-mercados-rodantes-juarez"],"_links":{"self":[{"href":"https:\/\/laultimapalabra.com.mx\/portal\/wp-json\/wp\/v2\/posts\/16052","targetHints":{"allow":["GET"]}}],"collection":[{"href":"https:\/\/laultimapalabra.com.mx\/portal\/wp-json\/wp\/v2\/posts"}],"about":[{"href":"https:\/\/laultimapalabra.com.mx\/portal\/wp-json\/wp\/v2\/types\/post"}],"author":[{"embeddable":true,"href":"https:\/\/laultimapalabra.com.mx\/portal\/wp-json\/wp\/v2\/users\/9"}],"replies":[{"embeddable":true,"href":"https:\/\/laultimapalabra.com.mx\/portal\/wp-json\/wp\/v2\/comments?post=16052"}],"version-history":[{"count":1,"href":"https:\/\/laultimapalabra.com.mx\/portal\/wp-json\/wp\/v2\/posts\/16052\/revisions"}],"predecessor-version":[{"id":71320,"href":"https:\/\/laultimapalabra.com.mx\/portal\/wp-json\/wp\/v2\/posts\/16052\/revisions\/71320"}],"wp:featuredmedia":[{"embeddable":true,"href":"https:\/\/laultimapalabra.com.mx\/portal\/wp-json\/wp\/v2\/media\/16053"}],"wp:attachment":[{"href":"https:\/\/laultimapalabra.com.mx\/portal\/wp-json\/wp\/v2\/media?parent=16052"}],"wp:term":[{"taxonomy":"category","embeddable":true,"href":"https:\/\/laultimapalabra.com.mx\/portal\/wp-json\/wp\/v2\/categories?post=16052"},{"taxonomy":"post_tag","embeddable":true,"href":"https:\/\/laultimapalabra.com.mx\/portal\/wp-json\/wp\/v2\/tags?post=16052"}],"curies":[{"name":"wp","href":"https:\/\/api.w.org\/{rel}","templated":true}]}}