                       {"id":16067,"date":"2020-08-05T14:25:36","date_gmt":"2020-08-05T19:25:36","guid":{"rendered":"http:\/\/laultimapalabra.info\/?p=16067"},"modified":"2024-12-11T10:02:35","modified_gmt":"2024-12-11T16:02:35","slug":"continua-busqueda-de-ismael-alexander-y-un-adulto","status":"publish","type":"post","link":"https:\/\/laultimapalabra.com.mx\/portal\/continua-busqueda-de-ismael-alexander-y-un-adulto\/","title":{"rendered":"Continua b\u00fasqueda de Ismael Alexander y un adulto"},"content":{"rendered":"<p><span style=\"font-size: 1rem;\">\u00a0<img loading=\"lazy\" decoding=\"async\" class=\"size-medium wp-image-16069 alignright\" src=\"https:\/\/laultimapalabra.com.mx\/portal\/wp-content\/uploads\/2020\/08\/FB_IMG_1596654800788-300x225.jpg\" alt=\"\" width=\"300\" height=\"225\" srcset=\"https:\/\/laultimapalabra.com.mx\/portal\/wp-content\/uploads\/2020\/08\/FB_IMG_1596654800788-300x225.jpg 300w, https:\/\/laultimapalabra.com.mx\/portal\/wp-content\/uploads\/2020\/08\/FB_IMG_1596654800788.jpg 750w\" sizes=\"auto, (max-width: 300px) 100vw, 300px\" \/>Cadereyta Jim\u00e9nez, N.L.- Desde ayer se contin\u00faa con el operativo de b\u00fasqueda de personas tras el paso de Hanna por Nuevo Le\u00f3n, donde un menor de edad de nombre Ismael Alexander y un adulto est\u00e1n siendo buscados desde el fin de semana pasado.<\/span><\/p>\n<p>En dicho operativo se realizan labores coordinadas con unidades municipales de Protecci\u00f3n Civil del Estado, Protecci\u00f3n Civil Monterrey, Protecci\u00f3n Civil Santa Catarina (JAGUARES) y apoyo del equipo de binomios de b\u00fasqueda y localizaci\u00f3n de personas junto con Servicios de Emergencia Cadereyta.<br \/>\nSe recordar\u00e1 que el adulto quien es buscado por el r\u00edo la Silla desapareci\u00f3 a la altura de Alfonso Reyes y est\u00e1 siendo buscado por el \u00e1rea de Cadereyta despu\u00e9s de que los cuerpos de auxilio detuvieran si recorrido ayer a la altura del Puente Federal en esta ciudad; mientras que el menor es buscado por otro equipo de rescate por el r\u00edo Pesquer\u00eda.<\/p>\n","protected":false},"excerpt":{"rendered":"<p>\u00a0Cadereyta Jim\u00e9nez, N.L.- Desde ayer se contin\u00faa con el operativo de b\u00fasqueda de personas tras el paso de Hanna por Nuevo Le\u00f3n, donde un menor de edad de nombre Ismael Alexander y un adulto est\u00e1n siendo buscados desde el fin de semana pasado. En dicho operativo se realizan labores coordinadas con unidades municipales de Protecci\u00f3n [&hellip;]<\/p>\n","protected":false},"author":9,"featured_media":16068,"comment_status":"open","ping_status":"closed","sticky":false,"template":"","format":"standard","meta":{"footnotes":""},"categories":[17,8,9],"tags":[2839,1172,2710],"class_list":["post-16067","post","type-post","status-publish","format-standard","has-post-thumbnail","hentry","category-locales-cadereyta","category-seguridad","category-seguridad-cadereyta","tag-busquedas-de-personas-cadereyta","tag-guillermo-de-leon-delgado","tag-servicios-de-emergencia-cadereyta"],"_links":{"self":[{"href":"https:\/\/laultimapalabra.com.mx\/portal\/wp-json\/wp\/v2\/posts\/16067","targetHints":{"allow":["GET"]}}],"collection":[{"href":"https:\/\/laultimapalabra.com.mx\/portal\/wp-json\/wp\/v2\/posts"}],"about":[{"href":"https:\/\/laultimapalabra.com.mx\/portal\/wp-json\/wp\/v2\/types\/post"}],"author":[{"embeddable":true,"href":"https:\/\/laultimapalabra.com.mx\/portal\/wp-json\/wp\/v2\/users\/9"}],"replies":[{"embeddable":true,"href":"https:\/\/laultimapalabra.com.mx\/portal\/wp-json\/wp\/v2\/comments?post=16067"}],"version-history":[{"count":1,"href":"https:\/\/laultimapalabra.com.mx\/portal\/wp-json\/wp\/v2\/posts\/16067\/revisions"}],"predecessor-version":[{"id":71328,"href":"https:\/\/laultimapalabra.com.mx\/portal\/wp-json\/wp\/v2\/posts\/16067\/revisions\/71328"}],"wp:featuredmedia":[{"embeddable":true,"href":"https:\/\/laultimapalabra.com.mx\/portal\/wp-json\/wp\/v2\/media\/16068"}],"wp:attachment":[{"href":"https:\/\/laultimapalabra.com.mx\/portal\/wp-json\/wp\/v2\/media?parent=16067"}],"wp:term":[{"taxonomy":"category","embeddable":true,"href":"https:\/\/laultimapalabra.com.mx\/portal\/wp-json\/wp\/v2\/categories?post=16067"},{"taxonomy":"post_tag","embeddable":true,"href":"https:\/\/laultimapalabra.com.mx\/portal\/wp-json\/wp\/v2\/tags?post=16067"}],"curies":[{"name":"wp","href":"https:\/\/api.w.org\/{rel}","templated":true}]}}