                       {"id":16145,"date":"2020-08-10T11:56:54","date_gmt":"2020-08-10T16:56:54","guid":{"rendered":"http:\/\/laultimapalabra.info\/?p=16145"},"modified":"2024-12-11T10:02:36","modified_gmt":"2024-12-11T16:02:36","slug":"localizan-cuerpo-con-signos-de-tortura-en-montemorelos","status":"publish","type":"post","link":"https:\/\/laultimapalabra.com.mx\/portal\/localizan-cuerpo-con-signos-de-tortura-en-montemorelos\/","title":{"rendered":"Localizan cuerpo con signos de tortura en Montemorelos"},"content":{"rendered":"<p><span style=\"font-size: 1rem;\">Adem\u00e1s, ten\u00eda impactos de bala y s\u00f3lo vest\u00eda un pantal\u00f3n negro.<\/span><\/p>\n<p><img loading=\"lazy\" decoding=\"async\" class=\"size-medium wp-image-16146 alignright\" src=\"https:\/\/laultimapalabra.com.mx\/portal\/wp-content\/uploads\/2020\/08\/escena-del-crimen-1-300x187.jpeg\" alt=\"\" width=\"300\" height=\"187\" srcset=\"https:\/\/laultimapalabra.com.mx\/portal\/wp-content\/uploads\/2020\/08\/escena-del-crimen-1-300x187.jpeg 300w, https:\/\/laultimapalabra.com.mx\/portal\/wp-content\/uploads\/2020\/08\/escena-del-crimen-1-768x478.jpeg 768w, https:\/\/laultimapalabra.com.mx\/portal\/wp-content\/uploads\/2020\/08\/escena-del-crimen-1.jpeg 958w\" sizes=\"auto, (max-width: 300px) 100vw, 300px\" \/>Montemorelos.- La\u00a0Polic\u00eda Ministerial del Estado\u00a0trata de resolver el caso de\u00a0un hombre que fue hallado sin vida, con impactos de bala y signos de tortura, en una zona despoblada del municipio de\u00a0Montemorelos.<\/p>\n<p>Las autoridades no han confirmado ni descartado que se trate de un residente americano que fue privado de la libertad al mediod\u00eda del viernes en la carretera a Doctor Gonz\u00e1lez, cerca del penal de\u00a0Cadereyta.<\/p>\n<p>El hallazgo ocurri\u00f3 el viernes cerca de la\u00a0comunidad de Noria de los Segovia, en el norte del municipio, cerca de los l\u00edmites con Cadereyta y Allende.<\/p>\n<p>La persona asesinada, quien presentaba heridas en la cabeza y el pecho, ten\u00eda unos 30 a\u00f1os, era de complexi\u00f3n delgada y vest\u00eda s\u00f3lo pantal\u00f3n de color negro.<\/p>\n<p>\u200bFuente: El Norte<br \/>\n\u00ad<\/p>\n","protected":false},"excerpt":{"rendered":"<p>Adem\u00e1s, ten\u00eda impactos de bala y s\u00f3lo vest\u00eda un pantal\u00f3n negro. Montemorelos.- La\u00a0Polic\u00eda Ministerial del Estado\u00a0trata de resolver el caso de\u00a0un hombre que fue hallado sin vida, con impactos de bala y signos de tortura, en una zona despoblada del municipio de\u00a0Montemorelos. Las autoridades no han confirmado ni descartado que se trate de un residente [&hellip;]<\/p>\n","protected":false},"author":9,"featured_media":16146,"comment_status":"open","ping_status":"closed","sticky":false,"template":"","format":"standard","meta":{"footnotes":""},"categories":[8,9],"tags":[926],"class_list":["post-16145","post","type-post","status-publish","format-standard","has-post-thumbnail","hentry","category-seguridad","category-seguridad-cadereyta","tag-ejecutados-cadereyta"],"_links":{"self":[{"href":"https:\/\/laultimapalabra.com.mx\/portal\/wp-json\/wp\/v2\/posts\/16145","targetHints":{"allow":["GET"]}}],"collection":[{"href":"https:\/\/laultimapalabra.com.mx\/portal\/wp-json\/wp\/v2\/posts"}],"about":[{"href":"https:\/\/laultimapalabra.com.mx\/portal\/wp-json\/wp\/v2\/types\/post"}],"author":[{"embeddable":true,"href":"https:\/\/laultimapalabra.com.mx\/portal\/wp-json\/wp\/v2\/users\/9"}],"replies":[{"embeddable":true,"href":"https:\/\/laultimapalabra.com.mx\/portal\/wp-json\/wp\/v2\/comments?post=16145"}],"version-history":[{"count":1,"href":"https:\/\/laultimapalabra.com.mx\/portal\/wp-json\/wp\/v2\/posts\/16145\/revisions"}],"predecessor-version":[{"id":71372,"href":"https:\/\/laultimapalabra.com.mx\/portal\/wp-json\/wp\/v2\/posts\/16145\/revisions\/71372"}],"wp:featuredmedia":[{"embeddable":true,"href":"https:\/\/laultimapalabra.com.mx\/portal\/wp-json\/wp\/v2\/media\/16146"}],"wp:attachment":[{"href":"https:\/\/laultimapalabra.com.mx\/portal\/wp-json\/wp\/v2\/media?parent=16145"}],"wp:term":[{"taxonomy":"category","embeddable":true,"href":"https:\/\/laultimapalabra.com.mx\/portal\/wp-json\/wp\/v2\/categories?post=16145"},{"taxonomy":"post_tag","embeddable":true,"href":"https:\/\/laultimapalabra.com.mx\/portal\/wp-json\/wp\/v2\/tags?post=16145"}],"curies":[{"name":"wp","href":"https:\/\/api.w.org\/{rel}","templated":true}]}}