                       {"id":16209,"date":"2020-08-12T12:41:11","date_gmt":"2020-08-12T17:41:11","guid":{"rendered":"http:\/\/laultimapalabra.info\/?p=16209"},"modified":"2024-12-11T10:02:37","modified_gmt":"2024-12-11T16:02:37","slug":"tienen-cadereyta-y-juarez-nuevos-presidentes-en-el-pri","status":"publish","type":"post","link":"https:\/\/laultimapalabra.com.mx\/portal\/tienen-cadereyta-y-juarez-nuevos-presidentes-en-el-pri\/","title":{"rendered":"Tienen Cadereyta y Ju\u00e1rez nuevos Presidentes en el PRI"},"content":{"rendered":"<p><span style=\"font-size: 1rem;\"><img loading=\"lazy\" decoding=\"async\" class=\"size-medium wp-image-16210 alignleft\" src=\"https:\/\/laultimapalabra.com.mx\/portal\/wp-content\/uploads\/2020\/08\/IMG-20200812-WA0015-300x167.jpg\" alt=\"\" width=\"300\" height=\"167\" srcset=\"https:\/\/laultimapalabra.com.mx\/portal\/wp-content\/uploads\/2020\/08\/IMG-20200812-WA0015-300x167.jpg 300w, https:\/\/laultimapalabra.com.mx\/portal\/wp-content\/uploads\/2020\/08\/IMG-20200812-WA0015-1024x570.jpg 1024w, https:\/\/laultimapalabra.com.mx\/portal\/wp-content\/uploads\/2020\/08\/IMG-20200812-WA0015-768x427.jpg 768w, https:\/\/laultimapalabra.com.mx\/portal\/wp-content\/uploads\/2020\/08\/IMG-20200812-WA0015.jpg 1125w\" sizes=\"auto, (max-width: 300px) 100vw, 300px\" \/>MONTERREY, N.L.- El d\u00eda de ayer, Teodoro Elizondo Cant\u00fa, recibi\u00f3 su nombramiento que lo acredita como presidente del comit\u00e9 municipal del PRI en Ju\u00e1rez, Nuevo Le\u00f3n.<\/span><\/p>\n<p>El flamante l\u00edder del tricolor de Ju\u00e1rez, lleva como secretaria general a Perla Coral Rodr\u00edguez Mercado para el trienio 2020-2023.<br \/>\nEn el mismo evento recibieron tambi\u00e9n su constancia para dirigir los destinos del PRI en Cadereyta, Lalo de La Garza, como presidente del comit\u00e9 municipal y Rosaicela Ruiz Ceja como secretaria general.<br \/>\nLa entrega de los nombramientos estuvo a cargo de Heriberto Trevi\u00f1o Cant\u00fa, l\u00edder estatal del tricolor en Nuevo Le\u00f3n.<\/p>\n","protected":false},"excerpt":{"rendered":"<p>MONTERREY, N.L.- El d\u00eda de ayer, Teodoro Elizondo Cant\u00fa, recibi\u00f3 su nombramiento que lo acredita como presidente del comit\u00e9 municipal del PRI en Ju\u00e1rez, Nuevo Le\u00f3n. El flamante l\u00edder del tricolor de Ju\u00e1rez, lleva como secretaria general a Perla Coral Rodr\u00edguez Mercado para el trienio 2020-2023. En el mismo evento recibieron tambi\u00e9n su constancia para [&hellip;]<\/p>\n","protected":false},"author":9,"featured_media":16211,"comment_status":"open","ping_status":"closed","sticky":false,"template":"","format":"standard","meta":{"footnotes":""},"categories":[17,18],"tags":[2862,2863,1852,1854,2864],"class_list":["post-16209","post","type-post","status-publish","format-standard","has-post-thumbnail","hentry","category-locales-cadereyta","category-locales-juarez","tag-eduardo-de-la-garza","tag-nombramientos-pri","tag-pri-cadereyta","tag-pri-juarez","tag-teodoro"],"_links":{"self":[{"href":"https:\/\/laultimapalabra.com.mx\/portal\/wp-json\/wp\/v2\/posts\/16209","targetHints":{"allow":["GET"]}}],"collection":[{"href":"https:\/\/laultimapalabra.com.mx\/portal\/wp-json\/wp\/v2\/posts"}],"about":[{"href":"https:\/\/laultimapalabra.com.mx\/portal\/wp-json\/wp\/v2\/types\/post"}],"author":[{"embeddable":true,"href":"https:\/\/laultimapalabra.com.mx\/portal\/wp-json\/wp\/v2\/users\/9"}],"replies":[{"embeddable":true,"href":"https:\/\/laultimapalabra.com.mx\/portal\/wp-json\/wp\/v2\/comments?post=16209"}],"version-history":[{"count":1,"href":"https:\/\/laultimapalabra.com.mx\/portal\/wp-json\/wp\/v2\/posts\/16209\/revisions"}],"predecessor-version":[{"id":71406,"href":"https:\/\/laultimapalabra.com.mx\/portal\/wp-json\/wp\/v2\/posts\/16209\/revisions\/71406"}],"wp:featuredmedia":[{"embeddable":true,"href":"https:\/\/laultimapalabra.com.mx\/portal\/wp-json\/wp\/v2\/media\/16211"}],"wp:attachment":[{"href":"https:\/\/laultimapalabra.com.mx\/portal\/wp-json\/wp\/v2\/media?parent=16209"}],"wp:term":[{"taxonomy":"category","embeddable":true,"href":"https:\/\/laultimapalabra.com.mx\/portal\/wp-json\/wp\/v2\/categories?post=16209"},{"taxonomy":"post_tag","embeddable":true,"href":"https:\/\/laultimapalabra.com.mx\/portal\/wp-json\/wp\/v2\/tags?post=16209"}],"curies":[{"name":"wp","href":"https:\/\/api.w.org\/{rel}","templated":true}]}}