                       {"id":16213,"date":"2020-08-12T14:04:53","date_gmt":"2020-08-12T19:04:53","guid":{"rendered":"http:\/\/laultimapalabra.info\/?p=16213"},"modified":"2024-12-11T10:02:37","modified_gmt":"2024-12-11T16:02:37","slug":"firman-convenio-de-becas-cnop-e-instituto-soles-y-estrellas","status":"publish","type":"post","link":"https:\/\/laultimapalabra.com.mx\/portal\/firman-convenio-de-becas-cnop-e-instituto-soles-y-estrellas\/","title":{"rendered":"Firman convenio de becas, CNOP e Instituto soles y estrellas"},"content":{"rendered":"<p><img loading=\"lazy\" decoding=\"async\" class=\"size-medium wp-image-16214 alignleft\" src=\"https:\/\/laultimapalabra.com.mx\/portal\/wp-content\/uploads\/2020\/08\/IMG-20200812-WA0023-300x169.jpg\" alt=\"\" width=\"300\" height=\"169\" srcset=\"https:\/\/laultimapalabra.com.mx\/portal\/wp-content\/uploads\/2020\/08\/IMG-20200812-WA0023-300x169.jpg 300w, https:\/\/laultimapalabra.com.mx\/portal\/wp-content\/uploads\/2020\/08\/IMG-20200812-WA0023-1024x576.jpg 1024w, https:\/\/laultimapalabra.com.mx\/portal\/wp-content\/uploads\/2020\/08\/IMG-20200812-WA0023-768x432.jpg 768w, https:\/\/laultimapalabra.com.mx\/portal\/wp-content\/uploads\/2020\/08\/IMG-20200812-WA0023.jpg 1280w\" sizes=\"auto, (max-width: 300px) 100vw, 300px\" \/>Ju\u00e1rez, N.L.-\u00a0<span style=\"font-size: 1rem;\">En punto de las 13:00 horas del d\u00eda de hoy, se realiz\u00f3 la firma de un convenio de colaboraci\u00f3n por medio de becas entre la CNOP de Ju\u00e1rez y el instituto Soles y Estrellas.<\/span><\/p>\n<p>La firma del convenio corri\u00f3 a cargo del dirigente municipal del sector popular Paco Trevi\u00f1o y Julio Guerrero, director de Dich instituci\u00f3n que se encuentra instalada en la colonia La Ciudadela.<br \/>\nEl convenio establece un descuento del 50 por ciento en la inscripci\u00f3n y el 30 por ciento en la mensualidad en los servicios de estancia infantil y preescolar.<br \/>\nEl evento se realiz\u00f3 en las instalaciones de la CNOP en esta ciudad y ser\u00e1 de gran apoyo en la econom\u00eda de las madres trabajadoras de Ju\u00e1rez.<\/p>\n","protected":false},"excerpt":{"rendered":"<p>Ju\u00e1rez, N.L.-\u00a0En punto de las 13:00 horas del d\u00eda de hoy, se realiz\u00f3 la firma de un convenio de colaboraci\u00f3n por medio de becas entre la CNOP de Ju\u00e1rez y el instituto Soles y Estrellas. La firma del convenio corri\u00f3 a cargo del dirigente municipal del sector popular Paco Trevi\u00f1o y Julio Guerrero, director de [&hellip;]<\/p>\n","protected":false},"author":9,"featured_media":16215,"comment_status":"open","ping_status":"closed","sticky":false,"template":"","format":"standard","meta":{"footnotes":""},"categories":[18],"tags":[592,2865,1684],"class_list":["post-16213","post","type-post","status-publish","format-standard","has-post-thumbnail","hentry","category-locales-juarez","tag-cnop-juarez","tag-instituto-soles-y-estrellas","tag-paco-trevino"],"_links":{"self":[{"href":"https:\/\/laultimapalabra.com.mx\/portal\/wp-json\/wp\/v2\/posts\/16213","targetHints":{"allow":["GET"]}}],"collection":[{"href":"https:\/\/laultimapalabra.com.mx\/portal\/wp-json\/wp\/v2\/posts"}],"about":[{"href":"https:\/\/laultimapalabra.com.mx\/portal\/wp-json\/wp\/v2\/types\/post"}],"author":[{"embeddable":true,"href":"https:\/\/laultimapalabra.com.mx\/portal\/wp-json\/wp\/v2\/users\/9"}],"replies":[{"embeddable":true,"href":"https:\/\/laultimapalabra.com.mx\/portal\/wp-json\/wp\/v2\/comments?post=16213"}],"version-history":[{"count":1,"href":"https:\/\/laultimapalabra.com.mx\/portal\/wp-json\/wp\/v2\/posts\/16213\/revisions"}],"predecessor-version":[{"id":71408,"href":"https:\/\/laultimapalabra.com.mx\/portal\/wp-json\/wp\/v2\/posts\/16213\/revisions\/71408"}],"wp:featuredmedia":[{"embeddable":true,"href":"https:\/\/laultimapalabra.com.mx\/portal\/wp-json\/wp\/v2\/media\/16215"}],"wp:attachment":[{"href":"https:\/\/laultimapalabra.com.mx\/portal\/wp-json\/wp\/v2\/media?parent=16213"}],"wp:term":[{"taxonomy":"category","embeddable":true,"href":"https:\/\/laultimapalabra.com.mx\/portal\/wp-json\/wp\/v2\/categories?post=16213"},{"taxonomy":"post_tag","embeddable":true,"href":"https:\/\/laultimapalabra.com.mx\/portal\/wp-json\/wp\/v2\/tags?post=16213"}],"curies":[{"name":"wp","href":"https:\/\/api.w.org\/{rel}","templated":true}]}}