                       {"id":1624,"date":"2018-05-17T22:27:48","date_gmt":"2018-05-17T22:27:48","guid":{"rendered":"http:\/\/laultimapalabra.info\/?p=1624"},"modified":"2024-12-11T08:37:12","modified_gmt":"2024-12-11T14:37:12","slug":"son-los-buenos-maestros-sembradores-del-saber-y-divulgadores-del-conocimiento","status":"publish","type":"post","link":"https:\/\/laultimapalabra.com.mx\/portal\/son-los-buenos-maestros-sembradores-del-saber-y-divulgadores-del-conocimiento\/","title":{"rendered":"Son los buenos maestros, sembradores del saber y divulgadores del conocimiento"},"content":{"rendered":"<p style=\"text-align: justify;\"><img loading=\"lazy\" decoding=\"async\" class=\"size-medium wp-image-1625 alignleft\" src=\"https:\/\/laultimapalabra.com.mx\/portal\/wp-content\/uploads\/2018\/05\/5f3197a6d189ecf0af5901405c81e9f8-copia-225x300.jpg\" alt=\"\" width=\"225\" height=\"300\" \/>Por: Dr. Jos\u00e9 Ascenci\u00f3n Tijerina Flores<\/p>\n<p style=\"text-align: justify;\">El 15 de mayo es una celebraci\u00f3n que desde hace 95 a\u00f1os se ha mantenido en el calendario oficial de M\u00e9xico y que representa un festejo distintivo de los rituales c\u00edvicos de nuestra naci\u00f3n. Pero, \u00bfconoce usted el origen de dicha celebraci\u00f3n?<br \/>\nEl d\u00eda del maestro surge a la par de la Constituci\u00f3n de Quer\u00e9taro de 1917. El Presidente Venustiano Carranza comprendi\u00f3 la importancia de la implantaci\u00f3n de la ense\u00f1anza escolar para los intereses nacionales y tras largos debates en el Congreso, se llev\u00f3 a la conclusi\u00f3n de que el Estado deb\u00eda ser el rector y responsable principal de la educaci\u00f3n.<br \/>\nEl 27 de septiembre de 1917, a s\u00f3lo 7 meses de haber sido promulgada la Constituci\u00f3n y a 4 de estar en vigencia, el Dr. Enrique Viesca Lobat\u00f3n Diputado por el Estado de Coahuila y el Teniente Coronel Benito Ram\u00edrez Garc\u00eda, legislador por Veracruz, secundados por Jon\u00e1s Garc\u00eda (originario de Apodaca, Nuevo Le\u00f3n) del Estado de Nuevo Le\u00f3n expusieron en la Tribuna del Congreso la iniciativa de rendir homenaje al Magisterio Nacional instituyendo un d\u00eda para festejarlo.<br \/>\nEl 15 de mayo fue la fecha propuesta por los diputados, d\u00eda en que el Ej\u00e9rcito Republicano del General Mariano Escobedo hab\u00eda tomado la Ciudad de Quer\u00e9taro habiendo aprehendido al Emperador Maximiliano de Habsburgo justo 50 a\u00f1os atr\u00e1s, acontecimiento hist\u00f3rico que hab\u00eda sido minimizado durante el Gobierno Porfir\u00edsta, el cual dio mayor relevancia al 2 de abril, fecha de la batalla en la que el General D\u00edaz se impuso sobre las fuerzas del imperio en Puebla (la historia la escriben los vencedores).<br \/>\nEl mi\u00e9rcoles 31 de octubre se present\u00f3 el dictamen que dio lugar a varios debates en la C\u00e1mara de Diputados; el primero de los oradores fue el General Eduardo Hay, jefe de los revolucionarios y uno de los m\u00e1s cercanos colaboradores de Carranza quien objet\u00f3 el punto referente a la fecha, pues el 15 de mayo la iglesia cat\u00f3lica tambi\u00e9n celebraba a San Isidro Labrador.<br \/>\nEn seguida habl\u00f3 el Diputado Ciriaco Cruz L\u00f3pez, maestro y legislador del Estado de M\u00e9xico. Su intervenci\u00f3n fue tan brillante (seg\u00fan cuenta una cr\u00f3nica de la fecha) que \u201cal bajar de la tribuna no hubo oradores en su contra\u201d.<br \/>\nEl dictamen fue puesto a votaci\u00f3n y aprobado con 128 votos a favor y solo 6 en contra. 2 semanas despu\u00e9s el Senado ratific\u00f3 la propuesta.<br \/>\nEl 23 de noviembre el Presidente Carranza expidi\u00f3 el decreto mediante el cual se institu\u00eda el 15 de mayo como el d\u00eda dedicado al Magisterio dentro del calendario c\u00edvico nacional. Fue publicado en el diario oficial de la federaci\u00f3n un 5 de diciembre de 1917, estableci\u00e9ndose en el mismo documento que \u201cen esa fecha deben organizarse festividades culturales que realcen la importancia y nobleza del papel social del maestro\u201d.<br \/>\nA partir del 15 de mayo de 1918 el homenaje a los maestros comenz\u00f3 a ser celebrado en el Pa\u00eds, siendo aceptada hasta la fecha como el \u201cD\u00cdA DEL MAESTRO\u201d. (Tomado de los escritos del historiador Amehed Valtier).<br \/>\nHoy m\u00e1s que nunca la labor de los buenos maestros toma mucho m\u00e1s inter\u00e9s e importancia por ser los indicados (despu\u00e9s de los padres) a retomar los caminos de la ense\u00f1anza, la buena moral y el amor a M\u00e9xico.<\/p>\n<p style=\"text-align: justify;\">Maximiliano entrega su espada en se\u00f1al de rendici\u00f3n<\/p>\n<p style=\"text-align: justify;\">Tambi\u00e9n un 15 de mayo pero de 1867 el Emperador Maximiliano de Habsburgo despu\u00e9s de la traici\u00f3n de Miram\u00f3n hizo efectiva su rendici\u00f3n entregando su espada al General Mariano Escobedo teniendo como testigo al entonces Coronel Ger\u00f3nimo Trevi\u00f1o Leal originario de Cadereyta Jim\u00e9nez, Nuevo Le\u00f3n.<br \/>\nMaximiliano fue pasado por las armas sin juicio previo no obstante los ruegos de muchos que suplicaban el perd\u00f3n, pues el Emperador supo ganarse el cari\u00f1o de todos los mexicanos y no obstante fue fusilado por orden de Benito Ju\u00e1rez Garc\u00eda un 19 de junio de ese mismo a\u00f1o en el cerro de las campanas.<br \/>\nGracias y hasta la pr\u00f3xima!!.<\/p>\n","protected":false},"excerpt":{"rendered":"<p>Por: Dr. Jos\u00e9 Ascenci\u00f3n Tijerina Flores El 15 de mayo es una celebraci\u00f3n que desde hace 95 a\u00f1os se ha mantenido en el calendario oficial de M\u00e9xico y que representa un festejo distintivo de los rituales c\u00edvicos de nuestra naci\u00f3n. Pero, \u00bfconoce usted el origen de dicha celebraci\u00f3n? El d\u00eda del maestro surge a la [&hellip;]<\/p>\n","protected":false},"author":9,"featured_media":1625,"comment_status":"open","ping_status":"closed","sticky":false,"template":"","format":"standard","meta":{"footnotes":""},"categories":[1],"tags":[879],"class_list":["post-1624","post","type-post","status-publish","format-standard","has-post-thumbnail","hentry","category-noticias","tag-dr-jose-ascencion-tijerina-flores"],"_links":{"self":[{"href":"https:\/\/laultimapalabra.com.mx\/portal\/wp-json\/wp\/v2\/posts\/1624","targetHints":{"allow":["GET"]}}],"collection":[{"href":"https:\/\/laultimapalabra.com.mx\/portal\/wp-json\/wp\/v2\/posts"}],"about":[{"href":"https:\/\/laultimapalabra.com.mx\/portal\/wp-json\/wp\/v2\/types\/post"}],"author":[{"embeddable":true,"href":"https:\/\/laultimapalabra.com.mx\/portal\/wp-json\/wp\/v2\/users\/9"}],"replies":[{"embeddable":true,"href":"https:\/\/laultimapalabra.com.mx\/portal\/wp-json\/wp\/v2\/comments?post=1624"}],"version-history":[{"count":1,"href":"https:\/\/laultimapalabra.com.mx\/portal\/wp-json\/wp\/v2\/posts\/1624\/revisions"}],"predecessor-version":[{"id":63881,"href":"https:\/\/laultimapalabra.com.mx\/portal\/wp-json\/wp\/v2\/posts\/1624\/revisions\/63881"}],"wp:featuredmedia":[{"embeddable":true,"href":"https:\/\/laultimapalabra.com.mx\/portal\/wp-json\/"}],"wp:attachment":[{"href":"https:\/\/laultimapalabra.com.mx\/portal\/wp-json\/wp\/v2\/media?parent=1624"}],"wp:term":[{"taxonomy":"category","embeddable":true,"href":"https:\/\/laultimapalabra.com.mx\/portal\/wp-json\/wp\/v2\/categories?post=1624"},{"taxonomy":"post_tag","embeddable":true,"href":"https:\/\/laultimapalabra.com.mx\/portal\/wp-json\/wp\/v2\/tags?post=1624"}],"curies":[{"name":"wp","href":"https:\/\/api.w.org\/{rel}","templated":true}]}}