                       {"id":16295,"date":"2020-08-19T10:32:07","date_gmt":"2020-08-19T15:32:07","guid":{"rendered":"http:\/\/laultimapalabra.info\/?p=16295"},"modified":"2024-12-11T10:02:37","modified_gmt":"2024-12-11T16:02:37","slug":"16295","status":"publish","type":"post","link":"https:\/\/laultimapalabra.com.mx\/portal\/16295\/","title":{"rendered":""},"content":{"rendered":"<p><span style=\"font-size: 1rem;\"><img loading=\"lazy\" decoding=\"async\" class=\"size-medium wp-image-16296 alignleft\" src=\"https:\/\/laultimapalabra.com.mx\/portal\/wp-content\/uploads\/2020\/08\/IMG-20200819-WA0008-200x300.jpg\" alt=\"\" width=\"200\" height=\"300\" srcset=\"https:\/\/laultimapalabra.com.mx\/portal\/wp-content\/uploads\/2020\/08\/IMG-20200819-WA0008-200x300.jpg 200w, https:\/\/laultimapalabra.com.mx\/portal\/wp-content\/uploads\/2020\/08\/IMG-20200819-WA0008.jpg 630w\" sizes=\"auto, (max-width: 200px) 100vw, 200px\" \/>Monterrey, M\u00e9xico.- Ante el rev\u00e9s legal que recibi\u00f3 el Congreso local por no ratificar a \u00c1ngel Mario Garc\u00eda como magistrado del Tribunal Superior de Justicia, la Comisi\u00f3n de Coordinaci\u00f3n y Organizaci\u00f3n Interna (Cocri) revis\u00f3 ayer el caso con el director jur\u00eddico del Legislativo, Luis Alberto Garc\u00eda Alc\u00e1ntara.<\/span><\/p>\n<p>Sin embargo, no se tom\u00f3 alguna decisi\u00f3n en torno al asunto.<\/p>\n<p>Juan Carlos Ruiz, presidente del Congreso, dijo que Garc\u00eda dio un informe sobre el caso y no se defini\u00f3 una acci\u00f3n, pues siguen sin ser notificados.<\/p>\n<p>&#8220;El Jur\u00eddico dio un informe de todo lo que ha contestado en este caso&#8221;, explic\u00f3, &#8220;y, aunque seguimos en que lo que se ha hecho es lo correcto, no podemos tomar ninguna decisi\u00f3n mientras no sepamos qu\u00e9 es lo que resolvi\u00f3 el Colegiado y qu\u00e9 es lo que pide espec\u00edficamente a la Corte<\/p>\n<p>&#8220;&#8230;Ni siquiera podemos definir ahorita si procede sesionar y ratificar al ex magistrado&#8221;.<\/p>\n<p>El jueves, el Primer Tribunal Colegiado declar\u00f3 fundado un incidente de inejecuci\u00f3n de sentencia, y propuso a la Suprema Corte de Justicia la destituci\u00f3n del Congreso local por incumplir, hasta en ocho veces, la ratificaci\u00f3n de Garc\u00eda.<\/p>\n<p>Para evitar ser afectados ante la sentencia del Tribunal Colegiado, la bancada de Morena analiza contratar a un despacho externo para que lleve la defensa de sus Diputados, anunci\u00f3 Ramiro Gonz\u00e1lez.<\/p>\n<p>El l\u00edder de la fracci\u00f3n morenista agreg\u00f3 que esa defensa ser\u00e1 independiente a las acciones que, una vez notificado y defini\u00e9ndose los alcances de la resoluci\u00f3n del Colegiado, pudiera emprender el Congreso.<\/p>\n<p>Fuente: El Norte<\/p>\n","protected":false},"excerpt":{"rendered":"<p>Monterrey, M\u00e9xico.- Ante el rev\u00e9s legal que recibi\u00f3 el Congreso local por no ratificar a \u00c1ngel Mario Garc\u00eda como magistrado del Tribunal Superior de Justicia, la Comisi\u00f3n de Coordinaci\u00f3n y Organizaci\u00f3n Interna (Cocri) revis\u00f3 ayer el caso con el director jur\u00eddico del Legislativo, Luis Alberto Garc\u00eda Alc\u00e1ntara. Sin embargo, no se tom\u00f3 alguna decisi\u00f3n en [&hellip;]<\/p>\n","protected":false},"author":9,"featured_media":16296,"comment_status":"open","ping_status":"closed","sticky":false,"template":"","format":"standard","meta":{"footnotes":""},"categories":[15],"tags":[2878,1913],"class_list":["post-16295","post","type-post","status-publish","format-standard","has-post-thumbnail","hentry","category-estado","tag-desacato-congreso-nl","tag-ramiro-gonzalez"],"_links":{"self":[{"href":"https:\/\/laultimapalabra.com.mx\/portal\/wp-json\/wp\/v2\/posts\/16295","targetHints":{"allow":["GET"]}}],"collection":[{"href":"https:\/\/laultimapalabra.com.mx\/portal\/wp-json\/wp\/v2\/posts"}],"about":[{"href":"https:\/\/laultimapalabra.com.mx\/portal\/wp-json\/wp\/v2\/types\/post"}],"author":[{"embeddable":true,"href":"https:\/\/laultimapalabra.com.mx\/portal\/wp-json\/wp\/v2\/users\/9"}],"replies":[{"embeddable":true,"href":"https:\/\/laultimapalabra.com.mx\/portal\/wp-json\/wp\/v2\/comments?post=16295"}],"version-history":[{"count":1,"href":"https:\/\/laultimapalabra.com.mx\/portal\/wp-json\/wp\/v2\/posts\/16295\/revisions"}],"predecessor-version":[{"id":71446,"href":"https:\/\/laultimapalabra.com.mx\/portal\/wp-json\/wp\/v2\/posts\/16295\/revisions\/71446"}],"wp:featuredmedia":[{"embeddable":true,"href":"https:\/\/laultimapalabra.com.mx\/portal\/wp-json\/wp\/v2\/media\/16296"}],"wp:attachment":[{"href":"https:\/\/laultimapalabra.com.mx\/portal\/wp-json\/wp\/v2\/media?parent=16295"}],"wp:term":[{"taxonomy":"category","embeddable":true,"href":"https:\/\/laultimapalabra.com.mx\/portal\/wp-json\/wp\/v2\/categories?post=16295"},{"taxonomy":"post_tag","embeddable":true,"href":"https:\/\/laultimapalabra.com.mx\/portal\/wp-json\/wp\/v2\/tags?post=16295"}],"curies":[{"name":"wp","href":"https:\/\/api.w.org\/{rel}","templated":true}]}}