                       {"id":16369,"date":"2020-08-23T12:09:52","date_gmt":"2020-08-23T17:09:52","guid":{"rendered":"http:\/\/laultimapalabra.info\/?p=16369"},"modified":"2024-12-11T10:02:38","modified_gmt":"2024-12-11T16:02:38","slug":"continuan-operativos-de-seguridad-en-cadereyta","status":"publish","type":"post","link":"https:\/\/laultimapalabra.com.mx\/portal\/continuan-operativos-de-seguridad-en-cadereyta\/","title":{"rendered":"Contin\u00faan operativos de seguridad en Cadereyta"},"content":{"rendered":"<p><img loading=\"lazy\" decoding=\"async\" class=\"size-medium wp-image-11523 alignleft\" src=\"http:\/\/www.testigodigital.mx\/wp-content\/uploads\/2020\/08\/IMG-20200823-WA0007-300x200.jpg\" alt=\"\" width=\"300\" height=\"200\" \/>Cadereyta Jim\u00e9nez, N.L.- Con la intenci\u00f3n de bajar los \u00edndices de inseguridad, la Secretar\u00eda de Seguridad P\u00fablica de Cadereyta trabaja en coordinaci\u00f3n con Guardia Nacional y Polic\u00eda Militar, realizando operativos en distintas colonias del municipio de Cadereyta Jim\u00e9nez<\/p>\n<p>El Lic. Gerardo Mor\u00e1n Vidaurri, Secretario de Seguridad P\u00fablica y Vialidad de Cadereyta Jim\u00e9nez, coment\u00f3 en entrevista que la Coordinaci\u00f3n con los distintos niveles de gobierno y fuerzas polic\u00edacas estar\u00e1 constante en Cadereyta para tener resultados positivos y recuperar la confianza de la ciudadan\u00eda hacia la Corporaci\u00f3n.<br \/>\n\u201cLa instrucci\u00f3n que el se\u00f1or alcalde Ernesto Quintanilla Villarreal nos ha indicado es trabajar en coordinaci\u00f3n con los distintos municipios, Guardia Nacional, Fuerza Civil y polic\u00eda Militar para tener una cercan\u00eda con la ciudadan\u00eda adem\u00e1s de bajar los \u00edndices de inseguridad\u201d coment\u00f3 Mor\u00e1n Vidaurri.<br \/>\nAgreg\u00f3 que es muy importante la denuncia de la sociedad para atender en tiempo y forma cualquier situaci\u00f3n en el tema de seguridad y comparti\u00f3 los n\u00fameros de atenci\u00f3n como el 911 y el 8282842111.<\/p>\n","protected":false},"excerpt":{"rendered":"<p>Cadereyta Jim\u00e9nez, N.L.- Con la intenci\u00f3n de bajar los \u00edndices de inseguridad, la Secretar\u00eda de Seguridad P\u00fablica de Cadereyta trabaja en coordinaci\u00f3n con Guardia Nacional y Polic\u00eda Militar, realizando operativos en distintas colonias del municipio de Cadereyta Jim\u00e9nez El Lic. Gerardo Mor\u00e1n Vidaurri, Secretario de Seguridad P\u00fablica y Vialidad de Cadereyta Jim\u00e9nez, coment\u00f3 en entrevista [&hellip;]<\/p>\n","protected":false},"author":9,"featured_media":16370,"comment_status":"open","ping_status":"closed","sticky":false,"template":"","format":"standard","meta":{"footnotes":""},"categories":[1],"tags":[2890],"class_list":["post-16369","post","type-post","status-publish","format-standard","has-post-thumbnail","hentry","category-noticias","tag-operativos-seguridad-cadereyta"],"_links":{"self":[{"href":"https:\/\/laultimapalabra.com.mx\/portal\/wp-json\/wp\/v2\/posts\/16369","targetHints":{"allow":["GET"]}}],"collection":[{"href":"https:\/\/laultimapalabra.com.mx\/portal\/wp-json\/wp\/v2\/posts"}],"about":[{"href":"https:\/\/laultimapalabra.com.mx\/portal\/wp-json\/wp\/v2\/types\/post"}],"author":[{"embeddable":true,"href":"https:\/\/laultimapalabra.com.mx\/portal\/wp-json\/wp\/v2\/users\/9"}],"replies":[{"embeddable":true,"href":"https:\/\/laultimapalabra.com.mx\/portal\/wp-json\/wp\/v2\/comments?post=16369"}],"version-history":[{"count":1,"href":"https:\/\/laultimapalabra.com.mx\/portal\/wp-json\/wp\/v2\/posts\/16369\/revisions"}],"predecessor-version":[{"id":71488,"href":"https:\/\/laultimapalabra.com.mx\/portal\/wp-json\/wp\/v2\/posts\/16369\/revisions\/71488"}],"wp:featuredmedia":[{"embeddable":true,"href":"https:\/\/laultimapalabra.com.mx\/portal\/wp-json\/wp\/v2\/media\/16370"}],"wp:attachment":[{"href":"https:\/\/laultimapalabra.com.mx\/portal\/wp-json\/wp\/v2\/media?parent=16369"}],"wp:term":[{"taxonomy":"category","embeddable":true,"href":"https:\/\/laultimapalabra.com.mx\/portal\/wp-json\/wp\/v2\/categories?post=16369"},{"taxonomy":"post_tag","embeddable":true,"href":"https:\/\/laultimapalabra.com.mx\/portal\/wp-json\/wp\/v2\/tags?post=16369"}],"curies":[{"name":"wp","href":"https:\/\/api.w.org\/{rel}","templated":true}]}}