                       {"id":16397,"date":"2020-08-25T13:08:26","date_gmt":"2020-08-25T18:08:26","guid":{"rendered":"http:\/\/laultimapalabra.info\/?p=16397"},"modified":"2024-12-11T10:02:38","modified_gmt":"2024-12-11T16:02:38","slug":"deja-choque-5-heridos-en-carretera-a-reynosa","status":"publish","type":"post","link":"https:\/\/laultimapalabra.com.mx\/portal\/deja-choque-5-heridos-en-carretera-a-reynosa\/","title":{"rendered":"Deja choque 5 heridos en Carretera a Reynosa"},"content":{"rendered":"<p><span style=\"font-size: 1rem;\"><img loading=\"lazy\" decoding=\"async\" class=\"size-medium wp-image-16390 alignleft\" src=\"https:\/\/laultimapalabra.com.mx\/portal\/wp-content\/uploads\/2020\/08\/IMG-20200825-WA0013-300x200.jpg\" alt=\"\" width=\"300\" height=\"200\" srcset=\"https:\/\/laultimapalabra.com.mx\/portal\/wp-content\/uploads\/2020\/08\/IMG-20200825-WA0013-300x200.jpg 300w, https:\/\/laultimapalabra.com.mx\/portal\/wp-content\/uploads\/2020\/08\/IMG-20200825-WA0013-768x512.jpg 768w, https:\/\/laultimapalabra.com.mx\/portal\/wp-content\/uploads\/2020\/08\/IMG-20200825-WA0013.jpg 960w\" sizes=\"auto, (max-width: 300px) 100vw, 300px\" \/>Cadereyta Jim\u00e9nez, N.L.- Un choque frontal entre dos autos dej\u00f3 un saldo de al menos cinco lesionados graves, en Cadereyta.<\/span><\/p>\n<p>El percance se registr\u00f3 cerca de las 9:00 horas en el kil\u00f3metro 36 de la carretera libre a Reynosa.<\/p>\n<p>Hasta el lugar fueron enviados param\u00e9dicos de Servicios de Emergencia Cadereyta quien se llev\u00f3 a dos lesionados, otros fue atendidos por ambulancias del municipio de Ju\u00e1rez y otro puesto de socorro trasladando a los heridos a diferentes hospitales, trat\u00e1ndose de un versa y una camioneta estaquitas como los veh\u00edculos involucrados.<\/p>\n<p>Fuente: El Norte<\/p>\n","protected":false},"excerpt":{"rendered":"<p>Cadereyta Jim\u00e9nez, N.L.- Un choque frontal entre dos autos dej\u00f3 un saldo de al menos cinco lesionados graves, en Cadereyta. El percance se registr\u00f3 cerca de las 9:00 horas en el kil\u00f3metro 36 de la carretera libre a Reynosa. Hasta el lugar fueron enviados param\u00e9dicos de Servicios de Emergencia Cadereyta quien se llev\u00f3 a dos [&hellip;]<\/p>\n","protected":false},"author":9,"featured_media":16390,"comment_status":"open","ping_status":"closed","sticky":false,"template":"","format":"standard","meta":{"footnotes":""},"categories":[8],"tags":[551],"class_list":["post-16397","post","type-post","status-publish","format-standard","has-post-thumbnail","hentry","category-seguridad","tag-choques-cadereyta"],"_links":{"self":[{"href":"https:\/\/laultimapalabra.com.mx\/portal\/wp-json\/wp\/v2\/posts\/16397","targetHints":{"allow":["GET"]}}],"collection":[{"href":"https:\/\/laultimapalabra.com.mx\/portal\/wp-json\/wp\/v2\/posts"}],"about":[{"href":"https:\/\/laultimapalabra.com.mx\/portal\/wp-json\/wp\/v2\/types\/post"}],"author":[{"embeddable":true,"href":"https:\/\/laultimapalabra.com.mx\/portal\/wp-json\/wp\/v2\/users\/9"}],"replies":[{"embeddable":true,"href":"https:\/\/laultimapalabra.com.mx\/portal\/wp-json\/wp\/v2\/comments?post=16397"}],"version-history":[{"count":1,"href":"https:\/\/laultimapalabra.com.mx\/portal\/wp-json\/wp\/v2\/posts\/16397\/revisions"}],"predecessor-version":[{"id":71502,"href":"https:\/\/laultimapalabra.com.mx\/portal\/wp-json\/wp\/v2\/posts\/16397\/revisions\/71502"}],"wp:featuredmedia":[{"embeddable":true,"href":"https:\/\/laultimapalabra.com.mx\/portal\/wp-json\/wp\/v2\/media\/16390"}],"wp:attachment":[{"href":"https:\/\/laultimapalabra.com.mx\/portal\/wp-json\/wp\/v2\/media?parent=16397"}],"wp:term":[{"taxonomy":"category","embeddable":true,"href":"https:\/\/laultimapalabra.com.mx\/portal\/wp-json\/wp\/v2\/categories?post=16397"},{"taxonomy":"post_tag","embeddable":true,"href":"https:\/\/laultimapalabra.com.mx\/portal\/wp-json\/wp\/v2\/tags?post=16397"}],"curies":[{"name":"wp","href":"https:\/\/api.w.org\/{rel}","templated":true}]}}