                       {"id":16411,"date":"2020-08-26T09:01:43","date_gmt":"2020-08-26T14:01:43","guid":{"rendered":"http:\/\/laultimapalabra.info\/?p=16411"},"modified":"2024-12-11T10:02:38","modified_gmt":"2024-12-11T16:02:38","slug":"balean-domicilio-en-praderas-de-cadereyta","status":"publish","type":"post","link":"https:\/\/laultimapalabra.com.mx\/portal\/balean-domicilio-en-praderas-de-cadereyta\/","title":{"rendered":"Balean domicilio en Praderas de Cadereyta"},"content":{"rendered":"<p><img loading=\"lazy\" decoding=\"async\" class=\"size-medium wp-image-16412 alignleft\" src=\"https:\/\/laultimapalabra.com.mx\/portal\/wp-content\/uploads\/2020\/08\/Screenshot_20200826_090105-300x195.jpg\" alt=\"\" width=\"300\" height=\"195\" srcset=\"https:\/\/laultimapalabra.com.mx\/portal\/wp-content\/uploads\/2020\/08\/Screenshot_20200826_090105-300x195.jpg 300w, https:\/\/laultimapalabra.com.mx\/portal\/wp-content\/uploads\/2020\/08\/Screenshot_20200826_090105-1024x664.jpg 1024w, https:\/\/laultimapalabra.com.mx\/portal\/wp-content\/uploads\/2020\/08\/Screenshot_20200826_090105-768x498.jpg 768w, https:\/\/laultimapalabra.com.mx\/portal\/wp-content\/uploads\/2020\/08\/Screenshot_20200826_090105-1536x996.jpg 1536w, https:\/\/laultimapalabra.com.mx\/portal\/wp-content\/uploads\/2020\/08\/Screenshot_20200826_090105.jpg 1665w\" sizes=\"auto, (max-width: 300px) 100vw, 300px\" \/>Cadereyta Jim\u00e9nez, N.L.-\u00a0<span style=\"font-size: 1rem;\">Anoche se dio una movilizaci\u00f3n en la Calle Abeto frente al n\u00famero 129 de la colonia Praderas de Cadereyta, esto despu\u00e9s de que personas desconocidas ba\u00f1earan un domicilio en dicha ubicaci\u00f3n.\u00a0<\/span><\/p>\n<p><span style=\"font-weight: 400;\">Los pistoleros llegaron en un veh\u00edculo tipo Ford color Guindo y dispararon al menos en 6 ocasiones contra el coche Grand Marquiz y la vivienda donde afortunadamente nadie resulta lesionado.<\/span><\/p>\n<p><span style=\"font-weight: 400;\">Autoridades realizaron la b\u00fasqueda de los delincuentes pero no lograron ubicarlos.<\/span><\/p>\n<p>Fuente: Alerta Cadereyta<\/p>\n","protected":false},"excerpt":{"rendered":"<p>Cadereyta Jim\u00e9nez, N.L.-\u00a0Anoche se dio una movilizaci\u00f3n en la Calle Abeto frente al n\u00famero 129 de la colonia Praderas de Cadereyta, esto despu\u00e9s de que personas desconocidas ba\u00f1earan un domicilio en dicha ubicaci\u00f3n.\u00a0 Los pistoleros llegaron en un veh\u00edculo tipo Ford color Guindo y dispararon al menos en 6 ocasiones contra el coche Grand Marquiz [&hellip;]<\/p>\n","protected":false},"author":9,"featured_media":16412,"comment_status":"open","ping_status":"closed","sticky":false,"template":"","format":"standard","meta":{"footnotes":""},"categories":[8,9],"tags":[213],"class_list":["post-16411","post","type-post","status-publish","format-standard","has-post-thumbnail","hentry","category-seguridad","category-seguridad-cadereyta","tag-atentados-cadereyta"],"_links":{"self":[{"href":"https:\/\/laultimapalabra.com.mx\/portal\/wp-json\/wp\/v2\/posts\/16411","targetHints":{"allow":["GET"]}}],"collection":[{"href":"https:\/\/laultimapalabra.com.mx\/portal\/wp-json\/wp\/v2\/posts"}],"about":[{"href":"https:\/\/laultimapalabra.com.mx\/portal\/wp-json\/wp\/v2\/types\/post"}],"author":[{"embeddable":true,"href":"https:\/\/laultimapalabra.com.mx\/portal\/wp-json\/wp\/v2\/users\/9"}],"replies":[{"embeddable":true,"href":"https:\/\/laultimapalabra.com.mx\/portal\/wp-json\/wp\/v2\/comments?post=16411"}],"version-history":[{"count":1,"href":"https:\/\/laultimapalabra.com.mx\/portal\/wp-json\/wp\/v2\/posts\/16411\/revisions"}],"predecessor-version":[{"id":71512,"href":"https:\/\/laultimapalabra.com.mx\/portal\/wp-json\/wp\/v2\/posts\/16411\/revisions\/71512"}],"wp:featuredmedia":[{"embeddable":true,"href":"https:\/\/laultimapalabra.com.mx\/portal\/wp-json\/wp\/v2\/media\/16412"}],"wp:attachment":[{"href":"https:\/\/laultimapalabra.com.mx\/portal\/wp-json\/wp\/v2\/media?parent=16411"}],"wp:term":[{"taxonomy":"category","embeddable":true,"href":"https:\/\/laultimapalabra.com.mx\/portal\/wp-json\/wp\/v2\/categories?post=16411"},{"taxonomy":"post_tag","embeddable":true,"href":"https:\/\/laultimapalabra.com.mx\/portal\/wp-json\/wp\/v2\/tags?post=16411"}],"curies":[{"name":"wp","href":"https:\/\/api.w.org\/{rel}","templated":true}]}}