                       {"id":1650,"date":"2018-05-17T23:26:17","date_gmt":"2018-05-17T23:26:17","guid":{"rendered":"http:\/\/laultimapalabra.info\/?p=1650"},"modified":"2024-12-11T08:37:12","modified_gmt":"2024-12-11T14:37:12","slug":"yo-si-voy-a-volver-ludy-rodriguez","status":"publish","type":"post","link":"https:\/\/laultimapalabra.com.mx\/portal\/yo-si-voy-a-volver-ludy-rodriguez\/","title":{"rendered":"&#8220;Yo si voy a volver&#8221;.-  Ludy Rodr\u00edguez"},"content":{"rendered":"<p style=\"text-align: justify;\">\u00a0<img loading=\"lazy\" decoding=\"async\" class=\"size-medium wp-image-1651 alignleft\" src=\"https:\/\/laultimapalabra.com.mx\/portal\/wp-content\/uploads\/2018\/05\/1-15-300x169.jpg\" alt=\"\" width=\"300\" height=\"169\" \/>CADEREYTA JIM\u00c9NEZ, N. L.-<br \/>\nDurante sus recorridos en distintas \u00e1reas rurales, la candidata a la diputaci\u00f3n local por el Distrito XXIII por el PRI, Ludivina Rodr\u00edguez Vasquez, dijo que el primer compromiso con el \u00e1rea rural de Cadereyta es el de volver.<br \/>\n<img loading=\"lazy\" decoding=\"async\" class=\"size-medium wp-image-1653 alignleft\" src=\"https:\/\/laultimapalabra.com.mx\/portal\/wp-content\/uploads\/2018\/05\/3-6-300x200.jpg\" alt=\"\" width=\"300\" height=\"200\" \/>&#8220;Pues mira, estas comunidades est\u00e1n muy olvidadas, ven\u00edan promet\u00edan todos y ya alcanzado el puesto, ya se desentend\u00edan de la gente, por eso nuestro primer compromiso con todos ellos es que yo si voy a volver&#8221;, dijo la joven quien durante el pasado fin de semana estuvo en comunidades de este municipio como Ejido Las Adjuntas, La Pur\u00edsima, Ejido La Uni\u00f3n, Hacienda El Nogal, Hacienda San Jos\u00e9, Hacienda Terreros y Hacienda San Isidro.<\/p>\n","protected":false},"excerpt":{"rendered":"<p>\u00a0CADEREYTA JIM\u00c9NEZ, N. L.- Durante sus recorridos en distintas \u00e1reas rurales, la candidata a la diputaci\u00f3n local por el Distrito XXIII por el PRI, Ludivina Rodr\u00edguez Vasquez, dijo que el primer compromiso con el \u00e1rea rural de Cadereyta es el de volver. &#8220;Pues mira, estas comunidades est\u00e1n muy olvidadas, ven\u00edan promet\u00edan todos y ya alcanzado [&hellip;]<\/p>\n","protected":false},"author":9,"featured_media":1652,"comment_status":"open","ping_status":"closed","sticky":false,"template":"","format":"standard","meta":{"footnotes":""},"categories":[17],"tags":[1453,1852],"class_list":["post-1650","post","type-post","status-publish","format-standard","has-post-thumbnail","hentry","category-locales-cadereyta","tag-ludivina-rodriguez","tag-pri-cadereyta"],"_links":{"self":[{"href":"https:\/\/laultimapalabra.com.mx\/portal\/wp-json\/wp\/v2\/posts\/1650","targetHints":{"allow":["GET"]}}],"collection":[{"href":"https:\/\/laultimapalabra.com.mx\/portal\/wp-json\/wp\/v2\/posts"}],"about":[{"href":"https:\/\/laultimapalabra.com.mx\/portal\/wp-json\/wp\/v2\/types\/post"}],"author":[{"embeddable":true,"href":"https:\/\/laultimapalabra.com.mx\/portal\/wp-json\/wp\/v2\/users\/9"}],"replies":[{"embeddable":true,"href":"https:\/\/laultimapalabra.com.mx\/portal\/wp-json\/wp\/v2\/comments?post=1650"}],"version-history":[{"count":1,"href":"https:\/\/laultimapalabra.com.mx\/portal\/wp-json\/wp\/v2\/posts\/1650\/revisions"}],"predecessor-version":[{"id":63895,"href":"https:\/\/laultimapalabra.com.mx\/portal\/wp-json\/wp\/v2\/posts\/1650\/revisions\/63895"}],"wp:featuredmedia":[{"embeddable":true,"href":"https:\/\/laultimapalabra.com.mx\/portal\/wp-json\/"}],"wp:attachment":[{"href":"https:\/\/laultimapalabra.com.mx\/portal\/wp-json\/wp\/v2\/media?parent=1650"}],"wp:term":[{"taxonomy":"category","embeddable":true,"href":"https:\/\/laultimapalabra.com.mx\/portal\/wp-json\/wp\/v2\/categories?post=1650"},{"taxonomy":"post_tag","embeddable":true,"href":"https:\/\/laultimapalabra.com.mx\/portal\/wp-json\/wp\/v2\/tags?post=1650"}],"curies":[{"name":"wp","href":"https:\/\/api.w.org\/{rel}","templated":true}]}}