                       {"id":16537,"date":"2020-09-09T14:01:34","date_gmt":"2020-09-09T19:01:34","guid":{"rendered":"http:\/\/laultimapalabra.info\/?p=16537"},"modified":"2024-12-11T10:02:39","modified_gmt":"2024-12-11T16:02:39","slug":"hallan-cadaver-en-ejido-de-cadereyta","status":"publish","type":"post","link":"https:\/\/laultimapalabra.com.mx\/portal\/hallan-cadaver-en-ejido-de-cadereyta\/","title":{"rendered":"Hallan cad\u00e1ver en ejido de Cadereyta"},"content":{"rendered":"<p style=\"text-align: left;\"><span style=\"font-size: 1rem;\"><img loading=\"lazy\" decoding=\"async\" class=\"size-medium wp-image-16538 alignleft\" src=\"https:\/\/laultimapalabra.com.mx\/portal\/wp-content\/uploads\/2020\/09\/IMG_20200909_135013-300x96.jpg\" alt=\"\" width=\"300\" height=\"96\" srcset=\"https:\/\/laultimapalabra.com.mx\/portal\/wp-content\/uploads\/2020\/09\/IMG_20200909_135013-300x96.jpg 300w, https:\/\/laultimapalabra.com.mx\/portal\/wp-content\/uploads\/2020\/09\/IMG_20200909_135013-1024x326.jpg 1024w, https:\/\/laultimapalabra.com.mx\/portal\/wp-content\/uploads\/2020\/09\/IMG_20200909_135013-768x244.jpg 768w, https:\/\/laultimapalabra.com.mx\/portal\/wp-content\/uploads\/2020\/09\/IMG_20200909_135013.jpg 1200w\" sizes=\"auto, (max-width: 300px) 100vw, 300px\" \/>Cadereyta Jim\u00e9nez, N.L.- El cuerpo en avanzado estado de descomposici\u00f3n de una persona fue encontrado en Cadereyta.<\/span><\/p>\n<p>Agentes de la Polic\u00eda Ministerial investigan un posible homicidio.<br \/>\nUna fuente policiaca inform\u00f3 que el hallazgo del cad\u00e1ver se report\u00f3 alrededor de las 11:00 horas de ayer.<br \/>\nPolic\u00edas municipales y ministeriales se movilizaron a las calles Doroteo N\u00e1jera Navarro y Le\u00f3nides \u00c1lvarez Galv\u00e1n, en el Ejido Cadereyta.<br \/>\nCinco metros dentro de la propiedad hallaron el cuerpo desnudo de una persona a la que presuntamente animales le devoraron parte de la cabeza y la pelvis. Por el estado en el que se encontraba, los investigadores no pudieron determinar el sexo y edad de la v\u00edctima, por lo que esperar\u00e1n los resultados de los estudios forenses para establecer la causa de la muerte.<\/p>\n<p>Fuente: El Norte<\/p>\n","protected":false},"excerpt":{"rendered":"<p>Cadereyta Jim\u00e9nez, N.L.- El cuerpo en avanzado estado de descomposici\u00f3n de una persona fue encontrado en Cadereyta. Agentes de la Polic\u00eda Ministerial investigan un posible homicidio. Una fuente policiaca inform\u00f3 que el hallazgo del cad\u00e1ver se report\u00f3 alrededor de las 11:00 horas de ayer. Polic\u00edas municipales y ministeriales se movilizaron a las calles Doroteo N\u00e1jera [&hellip;]<\/p>\n","protected":false},"author":9,"featured_media":16538,"comment_status":"open","ping_status":"closed","sticky":false,"template":"","format":"standard","meta":{"footnotes":""},"categories":[8,9],"tags":[926],"class_list":["post-16537","post","type-post","status-publish","format-standard","has-post-thumbnail","hentry","category-seguridad","category-seguridad-cadereyta","tag-ejecutados-cadereyta"],"_links":{"self":[{"href":"https:\/\/laultimapalabra.com.mx\/portal\/wp-json\/wp\/v2\/posts\/16537","targetHints":{"allow":["GET"]}}],"collection":[{"href":"https:\/\/laultimapalabra.com.mx\/portal\/wp-json\/wp\/v2\/posts"}],"about":[{"href":"https:\/\/laultimapalabra.com.mx\/portal\/wp-json\/wp\/v2\/types\/post"}],"author":[{"embeddable":true,"href":"https:\/\/laultimapalabra.com.mx\/portal\/wp-json\/wp\/v2\/users\/9"}],"replies":[{"embeddable":true,"href":"https:\/\/laultimapalabra.com.mx\/portal\/wp-json\/wp\/v2\/comments?post=16537"}],"version-history":[{"count":1,"href":"https:\/\/laultimapalabra.com.mx\/portal\/wp-json\/wp\/v2\/posts\/16537\/revisions"}],"predecessor-version":[{"id":71580,"href":"https:\/\/laultimapalabra.com.mx\/portal\/wp-json\/wp\/v2\/posts\/16537\/revisions\/71580"}],"wp:featuredmedia":[{"embeddable":true,"href":"https:\/\/laultimapalabra.com.mx\/portal\/wp-json\/wp\/v2\/media\/16538"}],"wp:attachment":[{"href":"https:\/\/laultimapalabra.com.mx\/portal\/wp-json\/wp\/v2\/media?parent=16537"}],"wp:term":[{"taxonomy":"category","embeddable":true,"href":"https:\/\/laultimapalabra.com.mx\/portal\/wp-json\/wp\/v2\/categories?post=16537"},{"taxonomy":"post_tag","embeddable":true,"href":"https:\/\/laultimapalabra.com.mx\/portal\/wp-json\/wp\/v2\/tags?post=16537"}],"curies":[{"name":"wp","href":"https:\/\/api.w.org\/{rel}","templated":true}]}}