                       {"id":16541,"date":"2020-09-09T14:10:30","date_gmt":"2020-09-09T19:10:30","guid":{"rendered":"http:\/\/laultimapalabra.info\/?p=16541"},"modified":"2024-12-11T10:02:39","modified_gmt":"2024-12-11T16:02:39","slug":"sufren-abuelitos-jimenenses-de-pesimos-olores-en-casa-de-dia-del-adulto-mayor-en-cadereyta","status":"publish","type":"post","link":"https:\/\/laultimapalabra.com.mx\/portal\/sufren-abuelitos-jimenenses-de-pesimos-olores-en-casa-de-dia-del-adulto-mayor-en-cadereyta\/","title":{"rendered":"Sufren &#8220;abuelitos&#8217; jimenenses de p\u00e9simos olores en Casa de D\u00eda del Adulto Mayor en Cadereyta"},"content":{"rendered":"<p><img loading=\"lazy\" decoding=\"async\" class=\"size-medium wp-image-16542 alignleft\" src=\"https:\/\/laultimapalabra.com.mx\/portal\/wp-content\/uploads\/2020\/09\/Screenshot_20200909_140930-300x171.jpg\" alt=\"\" width=\"300\" height=\"171\" srcset=\"https:\/\/laultimapalabra.com.mx\/portal\/wp-content\/uploads\/2020\/09\/Screenshot_20200909_140930-300x171.jpg 300w, https:\/\/laultimapalabra.com.mx\/portal\/wp-content\/uploads\/2020\/09\/Screenshot_20200909_140930-1024x582.jpg 1024w, https:\/\/laultimapalabra.com.mx\/portal\/wp-content\/uploads\/2020\/09\/Screenshot_20200909_140930-768x437.jpg 768w, https:\/\/laultimapalabra.com.mx\/portal\/wp-content\/uploads\/2020\/09\/Screenshot_20200909_140930-1536x874.jpg 1536w, https:\/\/laultimapalabra.com.mx\/portal\/wp-content\/uploads\/2020\/09\/Screenshot_20200909_140930.jpg 1899w\" sizes=\"auto, (max-width: 300px) 100vw, 300px\" \/>Cadereyta Jim\u00e9nez, N.L.- Se <span style=\"font-size: 1rem;\">report\u00f3 una fuga de aguas negras a escasos metros de la Casa de D\u00eda del Adulto Mayor en Cadereyta, justamente en el tramo del arroyo municipal por 20 de Noviembre y Abasolo.<\/span><\/p>\n<p><span style=\"font-weight: 400;\">Dicha fuga es un foco de infecci\u00f3n, adem\u00e1s del mal olor y p\u00e9simo aspecto que proporciona y, como es costumbre los servicios de Agua y Drenaje de Monterrey, &#8220;brillan&#8221; por su ausencia.\u00a0<\/span><\/p>\n","protected":false},"excerpt":{"rendered":"<p>Cadereyta Jim\u00e9nez, N.L.- Se report\u00f3 una fuga de aguas negras a escasos metros de la Casa de D\u00eda del Adulto Mayor en Cadereyta, justamente en el tramo del arroyo municipal por 20 de Noviembre y Abasolo. Dicha fuga es un foco de infecci\u00f3n, adem\u00e1s del mal olor y p\u00e9simo aspecto que proporciona y, como es [&hellip;]<\/p>\n","protected":false},"author":9,"featured_media":16542,"comment_status":"open","ping_status":"closed","sticky":false,"template":"","format":"standard","meta":{"footnotes":""},"categories":[17],"tags":[2673],"class_list":["post-16541","post","type-post","status-publish","format-standard","has-post-thumbnail","hentry","category-locales-cadereyta","tag-fuga-drenaje-cadereyta"],"_links":{"self":[{"href":"https:\/\/laultimapalabra.com.mx\/portal\/wp-json\/wp\/v2\/posts\/16541","targetHints":{"allow":["GET"]}}],"collection":[{"href":"https:\/\/laultimapalabra.com.mx\/portal\/wp-json\/wp\/v2\/posts"}],"about":[{"href":"https:\/\/laultimapalabra.com.mx\/portal\/wp-json\/wp\/v2\/types\/post"}],"author":[{"embeddable":true,"href":"https:\/\/laultimapalabra.com.mx\/portal\/wp-json\/wp\/v2\/users\/9"}],"replies":[{"embeddable":true,"href":"https:\/\/laultimapalabra.com.mx\/portal\/wp-json\/wp\/v2\/comments?post=16541"}],"version-history":[{"count":1,"href":"https:\/\/laultimapalabra.com.mx\/portal\/wp-json\/wp\/v2\/posts\/16541\/revisions"}],"predecessor-version":[{"id":71582,"href":"https:\/\/laultimapalabra.com.mx\/portal\/wp-json\/wp\/v2\/posts\/16541\/revisions\/71582"}],"wp:featuredmedia":[{"embeddable":true,"href":"https:\/\/laultimapalabra.com.mx\/portal\/wp-json\/wp\/v2\/media\/16542"}],"wp:attachment":[{"href":"https:\/\/laultimapalabra.com.mx\/portal\/wp-json\/wp\/v2\/media?parent=16541"}],"wp:term":[{"taxonomy":"category","embeddable":true,"href":"https:\/\/laultimapalabra.com.mx\/portal\/wp-json\/wp\/v2\/categories?post=16541"},{"taxonomy":"post_tag","embeddable":true,"href":"https:\/\/laultimapalabra.com.mx\/portal\/wp-json\/wp\/v2\/tags?post=16541"}],"curies":[{"name":"wp","href":"https:\/\/api.w.org\/{rel}","templated":true}]}}