                       {"id":16642,"date":"2020-09-22T14:56:13","date_gmt":"2020-09-22T19:56:13","guid":{"rendered":"http:\/\/laultimapalabra.info\/?p=16642"},"modified":"2024-12-11T10:02:40","modified_gmt":"2024-12-11T16:02:40","slug":"es-campana-de-vacunacion-un-exito-en-villas-de-san-jose","status":"publish","type":"post","link":"https:\/\/laultimapalabra.com.mx\/portal\/es-campana-de-vacunacion-un-exito-en-villas-de-san-jose\/","title":{"rendered":"Es campa\u00f1a de vacunaci\u00f3n un \u00e9xito en Villas de San Jos\u00e9"},"content":{"rendered":"<p><span style=\"font-size: 1rem;\"><img loading=\"lazy\" decoding=\"async\" class=\"size-medium wp-image-16635 alignright\" src=\"https:\/\/laultimapalabra.com.mx\/portal\/wp-content\/uploads\/2020\/09\/IMG-20200922-WA0021-225x300.jpg\" alt=\"\" width=\"225\" height=\"300\" srcset=\"https:\/\/laultimapalabra.com.mx\/portal\/wp-content\/uploads\/2020\/09\/IMG-20200922-WA0021-225x300.jpg 225w, https:\/\/laultimapalabra.com.mx\/portal\/wp-content\/uploads\/2020\/09\/IMG-20200922-WA0021-768x1024.jpg 768w, https:\/\/laultimapalabra.com.mx\/portal\/wp-content\/uploads\/2020\/09\/IMG-20200922-WA0021.jpg 960w\" sizes=\"auto, (max-width: 225px) 100vw, 225px\" \/>Ju\u00e1rez, N.L.- Una muy buena respuesta de parte de los vecinos de la colonia Villas de San Jos\u00e9, Mirador del Parque y Villas de San Juan fue la que se obtuvo por parte de la poblaci\u00f3n en la brigada de vacunaci\u00f3n iniciada el d\u00eda de hoy y que estar\u00e1 en funciones hasta el d\u00eda de ma\u00f1ana mi\u00e9rcoles.<\/span><\/p>\n<p>El esquema de vacunaci\u00f3n b\u00e1sico est\u00e1 dirigido a menores de ocho a\u00f1os y es realizado por la Secretar\u00eda de salud del Municipio de Ju\u00e1rez en coordinaci\u00f3n con el IMSS.<br \/>\nLa brigada inici\u00f3 a las nueve de la ma\u00f1ana y concluy\u00f3 a la una de la tarde en la plaza que se encuentra entre la calle Julieta y Azucena de la colonia Villas de San Jos\u00e9.<br \/>\nSe les recuerda a los vecinos que el d\u00eda de ma\u00f1ana seguir\u00e1 operando para que aproveche y lleve a sus ni\u00f1os menores de ocho a\u00f1os a vacunarse; lleve consigo la cartilla nacional de vacunaci\u00f3n, que es el \u00fanico requisito.<\/p>\n","protected":false},"excerpt":{"rendered":"<p>Ju\u00e1rez, N.L.- Una muy buena respuesta de parte de los vecinos de la colonia Villas de San Jos\u00e9, Mirador del Parque y Villas de San Juan fue la que se obtuvo por parte de la poblaci\u00f3n en la brigada de vacunaci\u00f3n iniciada el d\u00eda de hoy y que estar\u00e1 en funciones hasta el d\u00eda de [&hellip;]<\/p>\n","protected":false},"author":9,"featured_media":16634,"comment_status":"open","ping_status":"closed","sticky":false,"template":"","format":"standard","meta":{"footnotes":""},"categories":[18],"tags":[2927,2196],"class_list":["post-16642","post","type-post","status-publish","format-standard","has-post-thumbnail","hentry","category-locales-juarez","tag-campana-de-vacunacion-juarez","tag-teodoro-elizondo"],"_links":{"self":[{"href":"https:\/\/laultimapalabra.com.mx\/portal\/wp-json\/wp\/v2\/posts\/16642","targetHints":{"allow":["GET"]}}],"collection":[{"href":"https:\/\/laultimapalabra.com.mx\/portal\/wp-json\/wp\/v2\/posts"}],"about":[{"href":"https:\/\/laultimapalabra.com.mx\/portal\/wp-json\/wp\/v2\/types\/post"}],"author":[{"embeddable":true,"href":"https:\/\/laultimapalabra.com.mx\/portal\/wp-json\/wp\/v2\/users\/9"}],"replies":[{"embeddable":true,"href":"https:\/\/laultimapalabra.com.mx\/portal\/wp-json\/wp\/v2\/comments?post=16642"}],"version-history":[{"count":1,"href":"https:\/\/laultimapalabra.com.mx\/portal\/wp-json\/wp\/v2\/posts\/16642\/revisions"}],"predecessor-version":[{"id":71636,"href":"https:\/\/laultimapalabra.com.mx\/portal\/wp-json\/wp\/v2\/posts\/16642\/revisions\/71636"}],"wp:featuredmedia":[{"embeddable":true,"href":"https:\/\/laultimapalabra.com.mx\/portal\/wp-json\/wp\/v2\/media\/16634"}],"wp:attachment":[{"href":"https:\/\/laultimapalabra.com.mx\/portal\/wp-json\/wp\/v2\/media?parent=16642"}],"wp:term":[{"taxonomy":"category","embeddable":true,"href":"https:\/\/laultimapalabra.com.mx\/portal\/wp-json\/wp\/v2\/categories?post=16642"},{"taxonomy":"post_tag","embeddable":true,"href":"https:\/\/laultimapalabra.com.mx\/portal\/wp-json\/wp\/v2\/tags?post=16642"}],"curies":[{"name":"wp","href":"https:\/\/api.w.org\/{rel}","templated":true}]}}