                       {"id":1670,"date":"2018-05-18T00:06:59","date_gmt":"2018-05-18T00:06:59","guid":{"rendered":"http:\/\/laultimapalabra.info\/?p=1670"},"modified":"2024-12-11T08:37:12","modified_gmt":"2024-12-11T14:37:12","slug":"visita-sabas-las-espigas","status":"publish","type":"post","link":"https:\/\/laultimapalabra.com.mx\/portal\/visita-sabas-las-espigas\/","title":{"rendered":"Visita Sab\u00e1s Las Espigas"},"content":{"rendered":"<p style=\"text-align: justify;\">\u00a0<img loading=\"lazy\" decoding=\"async\" class=\"size-medium wp-image-1671 alignleft\" src=\"https:\/\/laultimapalabra.com.mx\/portal\/wp-content\/uploads\/2018\/05\/1-19-300x169.jpg\" alt=\"\" width=\"300\" height=\"169\" \/>*Preocupa al candidato aliancista salud de menores jimenenses, sobre todo por el alto \u00edndice de obesidad<\/p>\n<p style=\"text-align: justify;\">CADEREYTA JIM\u00c9NEZ, N.L.-<br \/>\nEl candidato por el Partido Nueva Alianza el doctor Sab\u00e1s Ren\u00e9 Tamez P\u00e9rez, convivi\u00f3 con los vecinos de la colonia Las Espigas el pasado mi\u00e9rcoles 16 de mayo, con gran aceptaci\u00f3n por parte de los residentes de ese fraccionamiento.<br \/>\n<img loading=\"lazy\" decoding=\"async\" class=\"size-medium wp-image-1672 alignright\" src=\"https:\/\/laultimapalabra.com.mx\/portal\/wp-content\/uploads\/2018\/05\/2-19-300x169.jpg\" alt=\"\" width=\"300\" height=\"169\" \/>Los vecinos de la colonia Las Espigas recibieron y escucharon las propuestas del candidato a la alcald\u00eda, el doctor Sab\u00e1s, como es conocido en el \u00e1mbito pol\u00edtico y social de esta ciudad.<br \/>\nEl Doctor Sab\u00e1s agradeci\u00f3 a los vecinos las muestras de cari\u00f1o a su llegada, as\u00ed como el apoyo para lograr su proyecto de gobierno.<br \/>\nEntre sus propuestas se encuentra el mejorar la salud entre los ni\u00f1os del municipio y se mostr\u00f3 preocupado por los contrastes entre obesidad y falta de alimento en los menores y se\u00f1alo que en su gesti\u00f3n luchar\u00e1 por combatir estos problemas.<\/p>\n","protected":false},"excerpt":{"rendered":"<p>\u00a0*Preocupa al candidato aliancista salud de menores jimenenses, sobre todo por el alto \u00edndice de obesidad CADEREYTA JIM\u00c9NEZ, N.L.- El candidato por el Partido Nueva Alianza el doctor Sab\u00e1s Ren\u00e9 Tamez P\u00e9rez, convivi\u00f3 con los vecinos de la colonia Las Espigas el pasado mi\u00e9rcoles 16 de mayo, con gran aceptaci\u00f3n por parte de los residentes [&hellip;]<\/p>\n","protected":false},"author":9,"featured_media":1673,"comment_status":"open","ping_status":"closed","sticky":false,"template":"","format":"standard","meta":{"footnotes":""},"categories":[17],"tags":[880,1696],"class_list":["post-1670","post","type-post","status-publish","format-standard","has-post-thumbnail","hentry","category-locales-cadereyta","tag-dr-sabas-tamez","tag-panal-cadereyta"],"_links":{"self":[{"href":"https:\/\/laultimapalabra.com.mx\/portal\/wp-json\/wp\/v2\/posts\/1670","targetHints":{"allow":["GET"]}}],"collection":[{"href":"https:\/\/laultimapalabra.com.mx\/portal\/wp-json\/wp\/v2\/posts"}],"about":[{"href":"https:\/\/laultimapalabra.com.mx\/portal\/wp-json\/wp\/v2\/types\/post"}],"author":[{"embeddable":true,"href":"https:\/\/laultimapalabra.com.mx\/portal\/wp-json\/wp\/v2\/users\/9"}],"replies":[{"embeddable":true,"href":"https:\/\/laultimapalabra.com.mx\/portal\/wp-json\/wp\/v2\/comments?post=1670"}],"version-history":[{"count":1,"href":"https:\/\/laultimapalabra.com.mx\/portal\/wp-json\/wp\/v2\/posts\/1670\/revisions"}],"predecessor-version":[{"id":63903,"href":"https:\/\/laultimapalabra.com.mx\/portal\/wp-json\/wp\/v2\/posts\/1670\/revisions\/63903"}],"wp:featuredmedia":[{"embeddable":true,"href":"https:\/\/laultimapalabra.com.mx\/portal\/wp-json\/"}],"wp:attachment":[{"href":"https:\/\/laultimapalabra.com.mx\/portal\/wp-json\/wp\/v2\/media?parent=1670"}],"wp:term":[{"taxonomy":"category","embeddable":true,"href":"https:\/\/laultimapalabra.com.mx\/portal\/wp-json\/wp\/v2\/categories?post=1670"},{"taxonomy":"post_tag","embeddable":true,"href":"https:\/\/laultimapalabra.com.mx\/portal\/wp-json\/wp\/v2\/tags?post=1670"}],"curies":[{"name":"wp","href":"https:\/\/api.w.org\/{rel}","templated":true}]}}