                       {"id":16765,"date":"2020-10-07T12:51:27","date_gmt":"2020-10-07T17:51:27","guid":{"rendered":"http:\/\/laultimapalabra.info\/?p=16765"},"modified":"2024-12-11T10:02:41","modified_gmt":"2024-12-11T16:02:41","slug":"localizan-cuerpo-con-un-disparo-en-la-cabeza-en-el-ejido-palmitos","status":"publish","type":"post","link":"https:\/\/laultimapalabra.com.mx\/portal\/localizan-cuerpo-con-un-disparo-en-la-cabeza-en-el-ejido-palmitos\/","title":{"rendered":"Localizan cuerpo con un disparo en la cabeza en el ejido Palmitos"},"content":{"rendered":"<p><span style=\"font-size: 1rem;\">La v\u00edctima identificada \u00fanicamente como un hombre de entre 25 y 30 a\u00f1os de edad, fue hallada a un costado de la carpeta asf\u00e1ltica, cerca de la carretera Cadereyta &#8211; Allende.<\/span><\/p>\n<p><img loading=\"lazy\" decoding=\"async\" class=\"size-medium wp-image-16766 alignleft\" src=\"https:\/\/laultimapalabra.com.mx\/portal\/wp-content\/uploads\/2020\/10\/los-homicidios-en-jalisco-continuan-300x187.jpg\" alt=\"\" width=\"300\" height=\"187\" srcset=\"https:\/\/laultimapalabra.com.mx\/portal\/wp-content\/uploads\/2020\/10\/los-homicidios-en-jalisco-continuan-300x187.jpg 300w, https:\/\/laultimapalabra.com.mx\/portal\/wp-content\/uploads\/2020\/10\/los-homicidios-en-jalisco-continuan-768x478.jpg 768w, https:\/\/laultimapalabra.com.mx\/portal\/wp-content\/uploads\/2020\/10\/los-homicidios-en-jalisco-continuan.jpg 958w\" sizes=\"auto, (max-width: 300px) 100vw, 300px\" \/>CADEREYTA.- Autoridades polic\u00edacas encontraron el cuerpo de un hombre con un disparo en la cabeza en el ejido Palmitos, ubicado en el municipio de Cadereyta.<\/p>\n<p>La v\u00edctima identificada \u00fanicamente como un hombre de entre 25 y 30 a\u00f1os de edad, fue hallada a un costado de la carpeta asf\u00e1ltica, a cerca de 400 metros de la carretera Cadereyta &#8211; Allende.<\/p>\n<p>La persona que lo encontr\u00f3 lo describi\u00f3 como de baja estatura y tez morena.<\/p>\n<p>Al lugar acudieron cuerpos de seguridad quienes ubicaron al hombre y solicitaron la presencia de personal del Instituto de Criminal\u00edstica y Servicios Periciales. Trascendi\u00f3 que al hombre s\u00f3lo se le visualizaba una lesi\u00f3n, la cual se encontraba en la cabeza y presumiblemente fue producida por un arma de fuego.<\/p>\n<p>Fuente: Telediario<\/p>\n","protected":false},"excerpt":{"rendered":"<p>La v\u00edctima identificada \u00fanicamente como un hombre de entre 25 y 30 a\u00f1os de edad, fue hallada a un costado de la carpeta asf\u00e1ltica, cerca de la carretera Cadereyta &#8211; Allende. CADEREYTA.- Autoridades polic\u00edacas encontraron el cuerpo de un hombre con un disparo en la cabeza en el ejido Palmitos, ubicado en el municipio de [&hellip;]<\/p>\n","protected":false},"author":9,"featured_media":16766,"comment_status":"open","ping_status":"closed","sticky":false,"template":"","format":"standard","meta":{"footnotes":""},"categories":[8,9],"tags":[926],"class_list":["post-16765","post","type-post","status-publish","format-standard","has-post-thumbnail","hentry","category-seguridad","category-seguridad-cadereyta","tag-ejecutados-cadereyta"],"_links":{"self":[{"href":"https:\/\/laultimapalabra.com.mx\/portal\/wp-json\/wp\/v2\/posts\/16765","targetHints":{"allow":["GET"]}}],"collection":[{"href":"https:\/\/laultimapalabra.com.mx\/portal\/wp-json\/wp\/v2\/posts"}],"about":[{"href":"https:\/\/laultimapalabra.com.mx\/portal\/wp-json\/wp\/v2\/types\/post"}],"author":[{"embeddable":true,"href":"https:\/\/laultimapalabra.com.mx\/portal\/wp-json\/wp\/v2\/users\/9"}],"replies":[{"embeddable":true,"href":"https:\/\/laultimapalabra.com.mx\/portal\/wp-json\/wp\/v2\/comments?post=16765"}],"version-history":[{"count":1,"href":"https:\/\/laultimapalabra.com.mx\/portal\/wp-json\/wp\/v2\/posts\/16765\/revisions"}],"predecessor-version":[{"id":71700,"href":"https:\/\/laultimapalabra.com.mx\/portal\/wp-json\/wp\/v2\/posts\/16765\/revisions\/71700"}],"wp:featuredmedia":[{"embeddable":true,"href":"https:\/\/laultimapalabra.com.mx\/portal\/wp-json\/wp\/v2\/media\/16766"}],"wp:attachment":[{"href":"https:\/\/laultimapalabra.com.mx\/portal\/wp-json\/wp\/v2\/media?parent=16765"}],"wp:term":[{"taxonomy":"category","embeddable":true,"href":"https:\/\/laultimapalabra.com.mx\/portal\/wp-json\/wp\/v2\/categories?post=16765"},{"taxonomy":"post_tag","embeddable":true,"href":"https:\/\/laultimapalabra.com.mx\/portal\/wp-json\/wp\/v2\/tags?post=16765"}],"curies":[{"name":"wp","href":"https:\/\/api.w.org\/{rel}","templated":true}]}}