                       {"id":16844,"date":"2020-10-10T17:30:06","date_gmt":"2020-10-10T22:30:06","guid":{"rendered":"http:\/\/laultimapalabra.info\/?p=16844"},"modified":"2024-12-11T10:02:41","modified_gmt":"2024-12-11T16:02:41","slug":"encuentran-el-cuerpo-de-una-mujer-en-brecha-de-cadereyta","status":"publish","type":"post","link":"https:\/\/laultimapalabra.com.mx\/portal\/encuentran-el-cuerpo-de-una-mujer-en-brecha-de-cadereyta\/","title":{"rendered":"Encuentran el cuerpo de una mujer en brecha de Cadereyta"},"content":{"rendered":"<p><span style=\"font-size: 1rem;\">\u00a0<img loading=\"lazy\" decoding=\"async\" class=\"size-medium wp-image-16846 alignleft\" src=\"https:\/\/laultimapalabra.com.mx\/portal\/wp-content\/uploads\/2020\/10\/Screenshot_20201010_182553-300x125.jpg\" alt=\"\" width=\"300\" height=\"125\" srcset=\"https:\/\/laultimapalabra.com.mx\/portal\/wp-content\/uploads\/2020\/10\/Screenshot_20201010_182553-300x125.jpg 300w, https:\/\/laultimapalabra.com.mx\/portal\/wp-content\/uploads\/2020\/10\/Screenshot_20201010_182553-1024x427.jpg 1024w, https:\/\/laultimapalabra.com.mx\/portal\/wp-content\/uploads\/2020\/10\/Screenshot_20201010_182553-768x320.jpg 768w, https:\/\/laultimapalabra.com.mx\/portal\/wp-content\/uploads\/2020\/10\/Screenshot_20201010_182553.jpg 1387w\" sizes=\"auto, (max-width: 300px) 100vw, 300px\" \/>CADEREYTA.- Con un disparo en la nuca, el cad\u00e1ver de una mujer ejecutada fue encontrado la ma\u00f1ana de hoy en una zona despoblada de Cadereyta, unos tres kil\u00f3metros al ponente de la cabecera municipal.<\/span><\/p>\n<p>Por los indicios recabados, las autoridades presumen que la v\u00edctima fue privada de la libertad y luego llevada hasta un camino de terracer\u00eda, donde le dieron muerte por medio del tiro de gracia.<\/p>\n<p>El hecho trascendi\u00f3 poco antes de las 10:00 horas en una brecha aleda\u00f1a al Camino a San Mateo, o calle Vicente Guerrero, a 1.3 kil\u00f3metros al sur de la carretera a Ju\u00e1rez. La mujer no portaba documentos que permitieran conocer su identidad.<\/p>\n<p>Ten\u00eda unos 40 a\u00f1os, era de complexi\u00f3n robusta, tez morena y cabello negro. Vest\u00eda pantal\u00f3n tipo malla camuflado, blusa negra y calcetas gris, adem\u00e1s de que calzaba tenis negros.<\/p>\n<p>Fuente: Telediario<\/p>\n","protected":false},"excerpt":{"rendered":"<p>\u00a0CADEREYTA.- Con un disparo en la nuca, el cad\u00e1ver de una mujer ejecutada fue encontrado la ma\u00f1ana de hoy en una zona despoblada de Cadereyta, unos tres kil\u00f3metros al ponente de la cabecera municipal. Por los indicios recabados, las autoridades presumen que la v\u00edctima fue privada de la libertad y luego llevada hasta un camino [&hellip;]<\/p>\n","protected":false},"author":9,"featured_media":16845,"comment_status":"open","ping_status":"closed","sticky":false,"template":"","format":"standard","meta":{"footnotes":""},"categories":[8,9],"tags":[926],"class_list":["post-16844","post","type-post","status-publish","format-standard","has-post-thumbnail","hentry","category-seguridad","category-seguridad-cadereyta","tag-ejecutados-cadereyta"],"_links":{"self":[{"href":"https:\/\/laultimapalabra.com.mx\/portal\/wp-json\/wp\/v2\/posts\/16844","targetHints":{"allow":["GET"]}}],"collection":[{"href":"https:\/\/laultimapalabra.com.mx\/portal\/wp-json\/wp\/v2\/posts"}],"about":[{"href":"https:\/\/laultimapalabra.com.mx\/portal\/wp-json\/wp\/v2\/types\/post"}],"author":[{"embeddable":true,"href":"https:\/\/laultimapalabra.com.mx\/portal\/wp-json\/wp\/v2\/users\/9"}],"replies":[{"embeddable":true,"href":"https:\/\/laultimapalabra.com.mx\/portal\/wp-json\/wp\/v2\/comments?post=16844"}],"version-history":[{"count":1,"href":"https:\/\/laultimapalabra.com.mx\/portal\/wp-json\/wp\/v2\/posts\/16844\/revisions"}],"predecessor-version":[{"id":71742,"href":"https:\/\/laultimapalabra.com.mx\/portal\/wp-json\/wp\/v2\/posts\/16844\/revisions\/71742"}],"wp:featuredmedia":[{"embeddable":true,"href":"https:\/\/laultimapalabra.com.mx\/portal\/wp-json\/wp\/v2\/media\/16845"}],"wp:attachment":[{"href":"https:\/\/laultimapalabra.com.mx\/portal\/wp-json\/wp\/v2\/media?parent=16844"}],"wp:term":[{"taxonomy":"category","embeddable":true,"href":"https:\/\/laultimapalabra.com.mx\/portal\/wp-json\/wp\/v2\/categories?post=16844"},{"taxonomy":"post_tag","embeddable":true,"href":"https:\/\/laultimapalabra.com.mx\/portal\/wp-json\/wp\/v2\/tags?post=16844"}],"curies":[{"name":"wp","href":"https:\/\/api.w.org\/{rel}","templated":true}]}}