                       {"id":16902,"date":"2020-10-19T07:38:01","date_gmt":"2020-10-19T12:38:01","guid":{"rendered":"http:\/\/laultimapalabra.info\/?p=16902"},"modified":"2024-12-11T10:02:42","modified_gmt":"2024-12-11T16:02:42","slug":"muere-hombre-tras-ataque-a-balazos-en-cadereyta","status":"publish","type":"post","link":"https:\/\/laultimapalabra.com.mx\/portal\/muere-hombre-tras-ataque-a-balazos-en-cadereyta\/","title":{"rendered":"Muere hombre tras ataque a balazos en Cadereyta"},"content":{"rendered":"<p><span style=\"font-size: 1rem;\">La v\u00edctima falleci\u00f3 en el Hospital de Pemex, tras recibir al menos tres impactos en la zona del abdomen.<\/span><\/p>\n<p><img loading=\"lazy\" decoding=\"async\" class=\"size-medium wp-image-16903 alignleft\" src=\"https:\/\/laultimapalabra.com.mx\/portal\/wp-content\/uploads\/2020\/10\/escena-del-crimen-archivo-1-300x187.jpg\" alt=\"\" width=\"300\" height=\"187\" srcset=\"https:\/\/laultimapalabra.com.mx\/portal\/wp-content\/uploads\/2020\/10\/escena-del-crimen-archivo-1-300x187.jpg 300w, https:\/\/laultimapalabra.com.mx\/portal\/wp-content\/uploads\/2020\/10\/escena-del-crimen-archivo-1-768x478.jpg 768w, https:\/\/laultimapalabra.com.mx\/portal\/wp-content\/uploads\/2020\/10\/escena-del-crimen-archivo-1.jpg 958w\" sizes=\"auto, (max-width: 300px) 100vw, 300px\" \/>Cadereyta Jim\u00e9nez,N.L.- Un hombre falleci\u00f3 al llegar al hospital luego de ser atacado a balazos en la\u00a0colonia Jardines de Cadereyta, del municipio de\u00a0Cadereyta.<br \/>\nLos hechos ocurrieron cerca de las 20:00 horas del s\u00e1bado en un domicilio en la calle Vista Regia, entre Jacinto y Azafr\u00e1n.<br \/>\nPese a que el lesionado fue trasladado hacia el Hospital de Pemex, \u00e9ste perdi\u00f3 la vida\u00a0porque tra\u00eda al menos 3 impactos en la zona del abdomen.<br \/>\nUna fuente indic\u00f3 que el ahora occiso identificado como Alberto, de 51 a\u00f1os de edad,\u00a0ya hab\u00eda sido atacado a balazos el pasado 5 de septiembre en la colonia Bellavista, donde lamentablemente un menor de 4 a\u00f1os perdi\u00f3 la vida.<\/p>\n<p>\u200bfuente: Milenio<\/p>\n<p>&nbsp;<\/p>\n","protected":false},"excerpt":{"rendered":"<p>La v\u00edctima falleci\u00f3 en el Hospital de Pemex, tras recibir al menos tres impactos en la zona del abdomen. Cadereyta Jim\u00e9nez,N.L.- Un hombre falleci\u00f3 al llegar al hospital luego de ser atacado a balazos en la\u00a0colonia Jardines de Cadereyta, del municipio de\u00a0Cadereyta. Los hechos ocurrieron cerca de las 20:00 horas del s\u00e1bado en un domicilio [&hellip;]<\/p>\n","protected":false},"author":9,"featured_media":16903,"comment_status":"open","ping_status":"closed","sticky":false,"template":"","format":"standard","meta":{"footnotes":""},"categories":[1],"tags":[926],"class_list":["post-16902","post","type-post","status-publish","format-standard","has-post-thumbnail","hentry","category-noticias","tag-ejecutados-cadereyta"],"_links":{"self":[{"href":"https:\/\/laultimapalabra.com.mx\/portal\/wp-json\/wp\/v2\/posts\/16902","targetHints":{"allow":["GET"]}}],"collection":[{"href":"https:\/\/laultimapalabra.com.mx\/portal\/wp-json\/wp\/v2\/posts"}],"about":[{"href":"https:\/\/laultimapalabra.com.mx\/portal\/wp-json\/wp\/v2\/types\/post"}],"author":[{"embeddable":true,"href":"https:\/\/laultimapalabra.com.mx\/portal\/wp-json\/wp\/v2\/users\/9"}],"replies":[{"embeddable":true,"href":"https:\/\/laultimapalabra.com.mx\/portal\/wp-json\/wp\/v2\/comments?post=16902"}],"version-history":[{"count":1,"href":"https:\/\/laultimapalabra.com.mx\/portal\/wp-json\/wp\/v2\/posts\/16902\/revisions"}],"predecessor-version":[{"id":71776,"href":"https:\/\/laultimapalabra.com.mx\/portal\/wp-json\/wp\/v2\/posts\/16902\/revisions\/71776"}],"wp:featuredmedia":[{"embeddable":true,"href":"https:\/\/laultimapalabra.com.mx\/portal\/wp-json\/wp\/v2\/media\/16903"}],"wp:attachment":[{"href":"https:\/\/laultimapalabra.com.mx\/portal\/wp-json\/wp\/v2\/media?parent=16902"}],"wp:term":[{"taxonomy":"category","embeddable":true,"href":"https:\/\/laultimapalabra.com.mx\/portal\/wp-json\/wp\/v2\/categories?post=16902"},{"taxonomy":"post_tag","embeddable":true,"href":"https:\/\/laultimapalabra.com.mx\/portal\/wp-json\/wp\/v2\/tags?post=16902"}],"curies":[{"name":"wp","href":"https:\/\/api.w.org\/{rel}","templated":true}]}}