                       {"id":17001,"date":"2020-10-22T15:10:36","date_gmt":"2020-10-22T20:10:36","guid":{"rendered":"http:\/\/laultimapalabra.info\/?p=17001"},"modified":"2024-12-11T10:02:42","modified_gmt":"2024-12-11T16:02:42","slug":"se-estrella-moto-contra-trailer-en-la-libre-a-reynosa","status":"publish","type":"post","link":"https:\/\/laultimapalabra.com.mx\/portal\/se-estrella-moto-contra-trailer-en-la-libre-a-reynosa\/","title":{"rendered":"Se estrella moto contra tr\u00e1iler en la libre a Reynosa"},"content":{"rendered":"<p style=\"text-align: left;\">\n<p><span style=\"font-size: 1rem;\"><img loading=\"lazy\" decoding=\"async\" class=\"size-medium wp-image-16986 alignleft\" src=\"https:\/\/laultimapalabra.com.mx\/portal\/wp-content\/uploads\/2020\/10\/IMG-20201021-WA0060-300x169.jpg\" alt=\"\" width=\"300\" height=\"169\" srcset=\"https:\/\/laultimapalabra.com.mx\/portal\/wp-content\/uploads\/2020\/10\/IMG-20201021-WA0060-300x169.jpg 300w, https:\/\/laultimapalabra.com.mx\/portal\/wp-content\/uploads\/2020\/10\/IMG-20201021-WA0060-1024x576.jpg 1024w, https:\/\/laultimapalabra.com.mx\/portal\/wp-content\/uploads\/2020\/10\/IMG-20201021-WA0060-768x432.jpg 768w, https:\/\/laultimapalabra.com.mx\/portal\/wp-content\/uploads\/2020\/10\/IMG-20201021-WA0060.jpg 1280w\" sizes=\"auto, (max-width: 300px) 100vw, 300px\" \/>Cadereyta Jim\u00e9nez, N.L.- Un accidente vial de un joven de aproximadamente 20 a\u00f1os de edad se suscit\u00f3 la tarde ayer tras impactar su moto contra un tr\u00e1iler.\u00a0<\/span><\/p>\n<p>Esto cuando la pesada unidad iba saliendo de su l\u00ednea ubicada a un lado de la refiner\u00eda.<br \/>\nEl joven se dirig\u00eda al ejido La Haciendita mientras que el tracto cami\u00f3n se dirig\u00eda a Monterrey por la carretera Libre a Reynosa.<br \/>\nParamedicos de Servicios de Emergencia Cadereyta, fueron quienes atendieron y trasladaron al joven a la cl\u00ednica Virginia, ya que presentaba heridas y fracturas, siendo su estado de salud reservado.<\/p>\n","protected":false},"excerpt":{"rendered":"<p>Cadereyta Jim\u00e9nez, N.L.- Un accidente vial de un joven de aproximadamente 20 a\u00f1os de edad se suscit\u00f3 la tarde ayer tras impactar su moto contra un tr\u00e1iler.\u00a0 Esto cuando la pesada unidad iba saliendo de su l\u00ednea ubicada a un lado de la refiner\u00eda. El joven se dirig\u00eda al ejido La Haciendita mientras que el [&hellip;]<\/p>\n","protected":false},"author":9,"featured_media":16984,"comment_status":"open","ping_status":"closed","sticky":false,"template":"","format":"standard","meta":{"footnotes":""},"categories":[17],"tags":[2747],"class_list":["post-17001","post","type-post","status-publish","format-standard","has-post-thumbnail","hentry","category-locales-cadereyta","tag-accidentes-viales-cadereyta"],"_links":{"self":[{"href":"https:\/\/laultimapalabra.com.mx\/portal\/wp-json\/wp\/v2\/posts\/17001","targetHints":{"allow":["GET"]}}],"collection":[{"href":"https:\/\/laultimapalabra.com.mx\/portal\/wp-json\/wp\/v2\/posts"}],"about":[{"href":"https:\/\/laultimapalabra.com.mx\/portal\/wp-json\/wp\/v2\/types\/post"}],"author":[{"embeddable":true,"href":"https:\/\/laultimapalabra.com.mx\/portal\/wp-json\/wp\/v2\/users\/9"}],"replies":[{"embeddable":true,"href":"https:\/\/laultimapalabra.com.mx\/portal\/wp-json\/wp\/v2\/comments?post=17001"}],"version-history":[{"count":1,"href":"https:\/\/laultimapalabra.com.mx\/portal\/wp-json\/wp\/v2\/posts\/17001\/revisions"}],"predecessor-version":[{"id":71828,"href":"https:\/\/laultimapalabra.com.mx\/portal\/wp-json\/wp\/v2\/posts\/17001\/revisions\/71828"}],"wp:featuredmedia":[{"embeddable":true,"href":"https:\/\/laultimapalabra.com.mx\/portal\/wp-json\/wp\/v2\/media\/16984"}],"wp:attachment":[{"href":"https:\/\/laultimapalabra.com.mx\/portal\/wp-json\/wp\/v2\/media?parent=17001"}],"wp:term":[{"taxonomy":"category","embeddable":true,"href":"https:\/\/laultimapalabra.com.mx\/portal\/wp-json\/wp\/v2\/categories?post=17001"},{"taxonomy":"post_tag","embeddable":true,"href":"https:\/\/laultimapalabra.com.mx\/portal\/wp-json\/wp\/v2\/tags?post=17001"}],"curies":[{"name":"wp","href":"https:\/\/api.w.org\/{rel}","templated":true}]}}