                       {"id":17121,"date":"2020-10-31T18:12:14","date_gmt":"2020-11-01T00:12:14","guid":{"rendered":"http:\/\/laultimapalabra.info\/?p=17121"},"modified":"2024-12-11T10:02:44","modified_gmt":"2024-12-11T16:02:44","slug":"ultiman-a-dos-hombres-en-cadereyta","status":"publish","type":"post","link":"https:\/\/laultimapalabra.com.mx\/portal\/ultiman-a-dos-hombres-en-cadereyta\/","title":{"rendered":"Ultiman a dos hombres en Cadereyta"},"content":{"rendered":"<p><span style=\"font-size: 1rem;\"><img loading=\"lazy\" decoding=\"async\" class=\"size-medium wp-image-17122 alignleft\" src=\"https:\/\/laultimapalabra.com.mx\/portal\/wp-content\/uploads\/2020\/10\/Ultiman-a-dos-hombres-en-Cadereyta-300x167.jpg\" alt=\"\" width=\"300\" height=\"167\" srcset=\"https:\/\/laultimapalabra.com.mx\/portal\/wp-content\/uploads\/2020\/10\/Ultiman-a-dos-hombres-en-Cadereyta-300x167.jpg 300w, https:\/\/laultimapalabra.com.mx\/portal\/wp-content\/uploads\/2020\/10\/Ultiman-a-dos-hombres-en-Cadereyta-768x427.jpg 768w, https:\/\/laultimapalabra.com.mx\/portal\/wp-content\/uploads\/2020\/10\/Ultiman-a-dos-hombres-en-Cadereyta.jpg 810w\" sizes=\"auto, (max-width: 300px) 100vw, 300px\" \/>Cadereyta Jim\u00e9nez,N.L.-\u00a0<\/span><\/p>\n<p>Dos hombres fueron ultimados por personas armadas en el municipio de Cadereyta, la noche del viernes.<\/p>\n<p>Los hechos ocurrieron en la colonia L\u00e1zaro C\u00e1rdenas, del municipio ya mencionado, en donde los vecinos del sector conocido como \u201cEl Agarr\u00f3n\u201d, reportaron detonaciones de arma de fuego.<\/p>\n<p>Luego del reporte, al lugar llegaron elementos de polic\u00edas y cuerpos de emergencia, sin embargo, al revisar a los hombres, ya no contaban con signos vitales.<\/p>\n<p>Las v\u00edctimas fueron identificadas como, H\u00e9ctor Julio Galv\u00e1n Soto, de 28 a\u00f1os y Jos\u00e9 Jaime Mares Soto, de 37 a\u00f1os, a quienes les quitaron la vida.<\/p>\n<p>Hasta el momento no se ha logrado identificar a los asesinos, adem\u00e1s que se desconoce si los agresores huyeron del lugar en alg\u00fan veh\u00edculo.<\/p>\n<p>Fuente: Blog del Regio<\/p>\n","protected":false},"excerpt":{"rendered":"<p>Cadereyta Jim\u00e9nez,N.L.-\u00a0 Dos hombres fueron ultimados por personas armadas en el municipio de Cadereyta, la noche del viernes. Los hechos ocurrieron en la colonia L\u00e1zaro C\u00e1rdenas, del municipio ya mencionado, en donde los vecinos del sector conocido como \u201cEl Agarr\u00f3n\u201d, reportaron detonaciones de arma de fuego. Luego del reporte, al lugar llegaron elementos de polic\u00edas [&hellip;]<\/p>\n","protected":false},"author":9,"featured_media":17122,"comment_status":"open","ping_status":"closed","sticky":false,"template":"","format":"standard","meta":{"footnotes":""},"categories":[8,9],"tags":[926],"class_list":["post-17121","post","type-post","status-publish","format-standard","has-post-thumbnail","hentry","category-seguridad","category-seguridad-cadereyta","tag-ejecutados-cadereyta"],"_links":{"self":[{"href":"https:\/\/laultimapalabra.com.mx\/portal\/wp-json\/wp\/v2\/posts\/17121","targetHints":{"allow":["GET"]}}],"collection":[{"href":"https:\/\/laultimapalabra.com.mx\/portal\/wp-json\/wp\/v2\/posts"}],"about":[{"href":"https:\/\/laultimapalabra.com.mx\/portal\/wp-json\/wp\/v2\/types\/post"}],"author":[{"embeddable":true,"href":"https:\/\/laultimapalabra.com.mx\/portal\/wp-json\/wp\/v2\/users\/9"}],"replies":[{"embeddable":true,"href":"https:\/\/laultimapalabra.com.mx\/portal\/wp-json\/wp\/v2\/comments?post=17121"}],"version-history":[{"count":1,"href":"https:\/\/laultimapalabra.com.mx\/portal\/wp-json\/wp\/v2\/posts\/17121\/revisions"}],"predecessor-version":[{"id":71888,"href":"https:\/\/laultimapalabra.com.mx\/portal\/wp-json\/wp\/v2\/posts\/17121\/revisions\/71888"}],"wp:featuredmedia":[{"embeddable":true,"href":"https:\/\/laultimapalabra.com.mx\/portal\/wp-json\/wp\/v2\/media\/17122"}],"wp:attachment":[{"href":"https:\/\/laultimapalabra.com.mx\/portal\/wp-json\/wp\/v2\/media?parent=17121"}],"wp:term":[{"taxonomy":"category","embeddable":true,"href":"https:\/\/laultimapalabra.com.mx\/portal\/wp-json\/wp\/v2\/categories?post=17121"},{"taxonomy":"post_tag","embeddable":true,"href":"https:\/\/laultimapalabra.com.mx\/portal\/wp-json\/wp\/v2\/tags?post=17121"}],"curies":[{"name":"wp","href":"https:\/\/api.w.org\/{rel}","templated":true}]}}