                       {"id":17224,"date":"2020-11-06T12:15:41","date_gmt":"2020-11-06T18:15:41","guid":{"rendered":"http:\/\/laultimapalabra.info\/?p=17224"},"modified":"2024-12-11T10:02:44","modified_gmt":"2024-12-11T16:02:44","slug":"ya-estan-con-su-padre-pequenos-que-fueron-agredidos-por-su-madre-en-juarez","status":"publish","type":"post","link":"https:\/\/laultimapalabra.com.mx\/portal\/ya-estan-con-su-padre-pequenos-que-fueron-agredidos-por-su-madre-en-juarez\/","title":{"rendered":"Ya estan con su padre peque\u00f1os que fueron agredidos por su madre en Ju\u00e1rez"},"content":{"rendered":"<p><span style=\"font-size: 1rem;\"><img loading=\"lazy\" decoding=\"async\" class=\"size-medium wp-image-17206 alignleft\" src=\"https:\/\/laultimapalabra.com.mx\/portal\/wp-content\/uploads\/2020\/11\/Screenshot_20201105_134552-300x278.jpg\" alt=\"\" width=\"300\" height=\"278\" srcset=\"https:\/\/laultimapalabra.com.mx\/portal\/wp-content\/uploads\/2020\/11\/Screenshot_20201105_134552-300x278.jpg 300w, https:\/\/laultimapalabra.com.mx\/portal\/wp-content\/uploads\/2020\/11\/Screenshot_20201105_134552-1024x948.jpg 1024w, https:\/\/laultimapalabra.com.mx\/portal\/wp-content\/uploads\/2020\/11\/Screenshot_20201105_134552-768x711.jpg 768w, https:\/\/laultimapalabra.com.mx\/portal\/wp-content\/uploads\/2020\/11\/Screenshot_20201105_134552.jpg 1166w\" sizes=\"auto, (max-width: 300px) 100vw, 300px\" \/>Ju\u00e1rez, N.L.- La menor de nombre Wendy, quien fuera atacada por su madre, quien intentaba asfixiarla en la colonia Praderas de San Juan, ya est\u00e1 al lado de su padre, junto con su hermano \u00c1ngel Tom\u00e1s de 13 a\u00f1os de edad en un hogar provisional.<\/span><\/p>\n<p>La madre, quien sufri\u00f3 una crisis violenta en contra de su hija, quien responde al nombre de Sanjuanita A., ya se encuentra internada en la cl\u00ednica psiqui\u00e1trica n\u00famero 22 del IMSS, ya que su esposo, de nombre Antonio Esteban, de quien se encuentra separada, es derechohabiente de esa instituci\u00f3n.<br \/>\nEn el caso intervinieron, tanto el DIF Municipal, como Protecci\u00f3n Civil, Seguridad P\u00fablica, as\u00ed como una psic\u00f3loga del gobierno municipal, buscando no violentar los derechos de la madre.<br \/>\nLa mujer ya se encuentra en tratamiento que podr\u00eda durar hasta dos meses, mientras se analiza su enfermedad para saber de un diagn\u00f3stico y de all\u00ed las autoridades puedan canalizar correctamente el caso.<br \/>\nPor su parte por medio del DIF y por orden del alcalde Everardo Benavides, se les proporcionaron a los dos hermanitos, ropa, cobijas, despensas, camas y el servicio de internet para que no pierdan sus clases en l\u00ednea.<\/p>\n","protected":false},"excerpt":{"rendered":"<p>Ju\u00e1rez, N.L.- La menor de nombre Wendy, quien fuera atacada por su madre, quien intentaba asfixiarla en la colonia Praderas de San Juan, ya est\u00e1 al lado de su padre, junto con su hermano \u00c1ngel Tom\u00e1s de 13 a\u00f1os de edad en un hogar provisional. La madre, quien sufri\u00f3 una crisis violenta en contra de [&hellip;]<\/p>\n","protected":false},"author":9,"featured_media":17207,"comment_status":"open","ping_status":"closed","sticky":false,"template":"","format":"standard","meta":{"footnotes":""},"categories":[1],"tags":[3000],"class_list":["post-17224","post","type-post","status-publish","format-standard","has-post-thumbnail","hentry","category-noticias","tag-violencia-familiar-juarez"],"_links":{"self":[{"href":"https:\/\/laultimapalabra.com.mx\/portal\/wp-json\/wp\/v2\/posts\/17224","targetHints":{"allow":["GET"]}}],"collection":[{"href":"https:\/\/laultimapalabra.com.mx\/portal\/wp-json\/wp\/v2\/posts"}],"about":[{"href":"https:\/\/laultimapalabra.com.mx\/portal\/wp-json\/wp\/v2\/types\/post"}],"author":[{"embeddable":true,"href":"https:\/\/laultimapalabra.com.mx\/portal\/wp-json\/wp\/v2\/users\/9"}],"replies":[{"embeddable":true,"href":"https:\/\/laultimapalabra.com.mx\/portal\/wp-json\/wp\/v2\/comments?post=17224"}],"version-history":[{"count":1,"href":"https:\/\/laultimapalabra.com.mx\/portal\/wp-json\/wp\/v2\/posts\/17224\/revisions"}],"predecessor-version":[{"id":71932,"href":"https:\/\/laultimapalabra.com.mx\/portal\/wp-json\/wp\/v2\/posts\/17224\/revisions\/71932"}],"wp:featuredmedia":[{"embeddable":true,"href":"https:\/\/laultimapalabra.com.mx\/portal\/wp-json\/wp\/v2\/media\/17207"}],"wp:attachment":[{"href":"https:\/\/laultimapalabra.com.mx\/portal\/wp-json\/wp\/v2\/media?parent=17224"}],"wp:term":[{"taxonomy":"category","embeddable":true,"href":"https:\/\/laultimapalabra.com.mx\/portal\/wp-json\/wp\/v2\/categories?post=17224"},{"taxonomy":"post_tag","embeddable":true,"href":"https:\/\/laultimapalabra.com.mx\/portal\/wp-json\/wp\/v2\/tags?post=17224"}],"curies":[{"name":"wp","href":"https:\/\/api.w.org\/{rel}","templated":true}]}}