                       {"id":17226,"date":"2020-11-06T13:21:45","date_gmt":"2020-11-06T19:21:45","guid":{"rendered":"http:\/\/laultimapalabra.info\/?p=17226"},"modified":"2024-12-11T10:02:44","modified_gmt":"2024-12-11T16:02:44","slug":"usa-las-redes-sociales-para-transmitir-arte-al-publico","status":"publish","type":"post","link":"https:\/\/laultimapalabra.com.mx\/portal\/usa-las-redes-sociales-para-transmitir-arte-al-publico\/","title":{"rendered":"Usa las redes sociales para transmitir arte al p\u00fablico"},"content":{"rendered":"<p><span style=\"font-size: 1rem;\"><img loading=\"lazy\" decoding=\"async\" class=\"size-medium wp-image-17227 alignright\" src=\"https:\/\/laultimapalabra.com.mx\/portal\/wp-content\/uploads\/2020\/11\/enrique_guzman_0-300x298.jpg\" alt=\"\" width=\"300\" height=\"298\" srcset=\"https:\/\/laultimapalabra.com.mx\/portal\/wp-content\/uploads\/2020\/11\/enrique_guzman_0-300x298.jpg 300w, https:\/\/laultimapalabra.com.mx\/portal\/wp-content\/uploads\/2020\/11\/enrique_guzman_0-150x150.jpg 150w, https:\/\/laultimapalabra.com.mx\/portal\/wp-content\/uploads\/2020\/11\/enrique_guzman_0.jpg 740w\" sizes=\"auto, (max-width: 300px) 100vw, 300px\" \/>NUEVO LE\u00d3N.- En estos tiempos dif\u00edciles en que los eventos art\u00edsticos y conciertos son restringidos o no se pueden llevar a cabo, las redes sociales y el internet han sido una herramienta poderosa para el tenor nuevoleon\u00e9s Enrique Guzm\u00e1n.<\/span><\/p>\n<p>&nbsp;<\/p>\n<p><span style=\"font-weight: 400;\">El int\u00e9rprete es originario de Cadereyta Jim\u00e9nez, y se encuentra en la ciudad para participar este fin de semana en el concierto \u201cBeethoven y la \u00f3pera\u201d, de la compa\u00f1\u00eda \u00d3pera de Nuevo Le\u00f3n, como aportaci\u00f3n para el Festival de Santa Luc\u00eda, y que marca el regreso de este tipo de espect\u00e1culos tras la suspensi\u00f3n por el COVID19.<\/span><\/p>\n<p>&nbsp;<\/p>\n<p><span style=\"font-weight: 400;\">Y aunque asegura que internet ha sido una ventana para seguir creando y compartiendo distintas manifestaciones art\u00edsticas, no es lo mismo vivirlas de forma presencial.<\/span><\/p>\n<p>&nbsp;<\/p>\n<p><span style=\"font-weight: 400;\">Sin embargo, la otra cara de la moneda es que internet permite llegar a muchos p\u00fablicos, m\u00e1s diversos, y por ende tener m\u00e1s alcance. De hecho, Guzm\u00e1n ha explorado la red social YouTube, donde comparte tutoriales de canto o los detr\u00e1s de c\u00e1maras de sus presentaciones.<\/span><\/p>\n<p><span style=\"font-weight: 400;\">La gala \u201cBeethoven y la \u00f3pera\u201d est\u00e1 conformada con arias de Beethoven y otros compositores de su tiempo, como Mozart, Cherubini o Rossini.<\/span><\/p>\n<p><span style=\"font-weight: 400;\">Se realizar\u00e1n dos funciones, una solamente presencial, el viernes 6 de noviembre a las 19:00 en la Gran Sala del Teatro de la Ciudad; y otra el domingo 8 de noviembre a las 18:00 horas en formato h\u00edbrido, presencial en la Gran Sala del Teatro de la Ciudad o a trav\u00e9s de las cuentas de Facebook de CONARTE NL y el Festival Internacional Santa Luc\u00eda, adem\u00e1s de se\u00f1al abierta de Canal 28.<\/span><\/p>\n<p><span style=\"font-weight: 400;\">El elenco est\u00e1 integrado por los destacados cantantes Yvonne Garza (soprano), B\u00e1rbara de la Garza (soprano), Roc\u00edo Tamez (mezzosoprano), Enrique Guzm\u00e1n (tenor), Oscar Mart\u00ednez (bar\u00edtono), y Oziel Garza-Ornelas (bar\u00edtono), acompa\u00f1ados al piano por Rodrigo Ilizaliturri.<\/span><\/p>\n","protected":false},"excerpt":{"rendered":"<p>NUEVO LE\u00d3N.- En estos tiempos dif\u00edciles en que los eventos art\u00edsticos y conciertos son restringidos o no se pueden llevar a cabo, las redes sociales y el internet han sido una herramienta poderosa para el tenor nuevoleon\u00e9s Enrique Guzm\u00e1n. &nbsp; El int\u00e9rprete es originario de Cadereyta Jim\u00e9nez, y se encuentra en la ciudad para participar [&hellip;]<\/p>\n","protected":false},"author":9,"featured_media":17227,"comment_status":"open","ping_status":"closed","sticky":false,"template":"","format":"standard","meta":{"footnotes":""},"categories":[1],"tags":[3002],"class_list":["post-17226","post","type-post","status-publish","format-standard","has-post-thumbnail","hentry","category-noticias","tag-tenor-jimenense"],"_links":{"self":[{"href":"https:\/\/laultimapalabra.com.mx\/portal\/wp-json\/wp\/v2\/posts\/17226","targetHints":{"allow":["GET"]}}],"collection":[{"href":"https:\/\/laultimapalabra.com.mx\/portal\/wp-json\/wp\/v2\/posts"}],"about":[{"href":"https:\/\/laultimapalabra.com.mx\/portal\/wp-json\/wp\/v2\/types\/post"}],"author":[{"embeddable":true,"href":"https:\/\/laultimapalabra.com.mx\/portal\/wp-json\/wp\/v2\/users\/9"}],"replies":[{"embeddable":true,"href":"https:\/\/laultimapalabra.com.mx\/portal\/wp-json\/wp\/v2\/comments?post=17226"}],"version-history":[{"count":1,"href":"https:\/\/laultimapalabra.com.mx\/portal\/wp-json\/wp\/v2\/posts\/17226\/revisions"}],"predecessor-version":[{"id":71934,"href":"https:\/\/laultimapalabra.com.mx\/portal\/wp-json\/wp\/v2\/posts\/17226\/revisions\/71934"}],"wp:featuredmedia":[{"embeddable":true,"href":"https:\/\/laultimapalabra.com.mx\/portal\/wp-json\/wp\/v2\/media\/17227"}],"wp:attachment":[{"href":"https:\/\/laultimapalabra.com.mx\/portal\/wp-json\/wp\/v2\/media?parent=17226"}],"wp:term":[{"taxonomy":"category","embeddable":true,"href":"https:\/\/laultimapalabra.com.mx\/portal\/wp-json\/wp\/v2\/categories?post=17226"},{"taxonomy":"post_tag","embeddable":true,"href":"https:\/\/laultimapalabra.com.mx\/portal\/wp-json\/wp\/v2\/tags?post=17226"}],"curies":[{"name":"wp","href":"https:\/\/api.w.org\/{rel}","templated":true}]}}