                       {"id":1735,"date":"2018-05-24T23:05:37","date_gmt":"2018-05-24T23:05:37","guid":{"rendered":"http:\/\/laultimapalabra.info\/?p=1735"},"modified":"2024-12-11T08:37:13","modified_gmt":"2024-12-11T14:37:13","slug":"protege-tu-bici","status":"publish","type":"post","link":"https:\/\/laultimapalabra.com.mx\/portal\/protege-tu-bici\/","title":{"rendered":"\u00a1Protege tu bici!"},"content":{"rendered":"<p style=\"text-align: justify;\"><img loading=\"lazy\" decoding=\"async\" class=\"size-medium wp-image-1731 alignleft\" src=\"https:\/\/laultimapalabra.com.mx\/portal\/wp-content\/uploads\/2018\/05\/PROTEGE-TU-BICI-IMAGEN-300x224.jpg\" alt=\"\" width=\"300\" height=\"224\" \/>Para rodadas con mucha m\u00e1s seguridad y sin riesgo de da\u00f1ar tu cuadro<br \/>\nAs\u00ed como nosotros usamos protecciones cuando andamos en bici, la bicicleta misma tambi\u00e9n puede usarlas. Hoy en d\u00eda podemos encontrar mucha variedad en protectores para distintas partes de la bicicleta; desde protectores para los tubos principales del cuadro, hasta peque\u00f1os \u201czapatos\u201d para las puntas de las bielas.<br \/>\nEn esta ocasi\u00f3n te mostramos como puedes hacer tu propio protector de tirantes de cuadro o basculantes. Este protector tiene la finalidad de evitar que la cadena golpee el cuadro y lo raye o despinte, y lo mejor es que se hace con materiales reciclados.<br \/>\nLos materiales que vas a necesitar son:<br \/>\n*Una c\u00e1mara de llanta ponchada o que ya no uses<br \/>\n*3-4 cinchos.<br \/>\n*Tijeras<br \/>\nPara hacer el protector:<br \/>\nCon las tijeras, corta la c\u00e1mara por la mitad a lo largo.<br \/>\nDespu\u00e9s corta un tramo de c\u00e1mara de aproximadamente unos 50 cent\u00edmetros de largo.<br \/>\nAhora debes enrollar el tramo de c\u00e1mara alrededor del tirante del cuadro (del lado de la cadena).<br \/>\nUna vez que todo el tirante este cubierto con c\u00e1mara, utiliza los cinchos para ajustarla y asegurarla al cuadro. De esta forma no se mover\u00e1, impidiendo que la cadena no llegue al cuadro.<br \/>\nCon las tijeras corta el sobrante de los cinchos y \u00a1listo!<br \/>\nDe esta manera puedes cubrir varias partes del cuadro que no quieras que se da\u00f1en.<br \/>\nFuente: Revisa Bike<br \/>\nClub de Ciclismo Titanes de Cadereya<\/p>\n","protected":false},"excerpt":{"rendered":"<p>Para rodadas con mucha m\u00e1s seguridad y sin riesgo de da\u00f1ar tu cuadro As\u00ed como nosotros usamos protecciones cuando andamos en bici, la bicicleta misma tambi\u00e9n puede usarlas. Hoy en d\u00eda podemos encontrar mucha variedad en protectores para distintas partes de la bicicleta; desde protectores para los tubos principales del cuadro, hasta peque\u00f1os \u201czapatos\u201d para [&hellip;]<\/p>\n","protected":false},"author":9,"featured_media":1731,"comment_status":"open","ping_status":"closed","sticky":false,"template":"","format":"standard","meta":{"footnotes":""},"categories":[17],"tags":[559],"class_list":["post-1735","post","type-post","status-publish","format-standard","has-post-thumbnail","hentry","category-locales-cadereyta","tag-ciclismo-cadereyta"],"_links":{"self":[{"href":"https:\/\/laultimapalabra.com.mx\/portal\/wp-json\/wp\/v2\/posts\/1735","targetHints":{"allow":["GET"]}}],"collection":[{"href":"https:\/\/laultimapalabra.com.mx\/portal\/wp-json\/wp\/v2\/posts"}],"about":[{"href":"https:\/\/laultimapalabra.com.mx\/portal\/wp-json\/wp\/v2\/types\/post"}],"author":[{"embeddable":true,"href":"https:\/\/laultimapalabra.com.mx\/portal\/wp-json\/wp\/v2\/users\/9"}],"replies":[{"embeddable":true,"href":"https:\/\/laultimapalabra.com.mx\/portal\/wp-json\/wp\/v2\/comments?post=1735"}],"version-history":[{"count":1,"href":"https:\/\/laultimapalabra.com.mx\/portal\/wp-json\/wp\/v2\/posts\/1735\/revisions"}],"predecessor-version":[{"id":63939,"href":"https:\/\/laultimapalabra.com.mx\/portal\/wp-json\/wp\/v2\/posts\/1735\/revisions\/63939"}],"wp:featuredmedia":[{"embeddable":true,"href":"https:\/\/laultimapalabra.com.mx\/portal\/wp-json\/"}],"wp:attachment":[{"href":"https:\/\/laultimapalabra.com.mx\/portal\/wp-json\/wp\/v2\/media?parent=1735"}],"wp:term":[{"taxonomy":"category","embeddable":true,"href":"https:\/\/laultimapalabra.com.mx\/portal\/wp-json\/wp\/v2\/categories?post=1735"},{"taxonomy":"post_tag","embeddable":true,"href":"https:\/\/laultimapalabra.com.mx\/portal\/wp-json\/wp\/v2\/tags?post=1735"}],"curies":[{"name":"wp","href":"https:\/\/api.w.org\/{rel}","templated":true}]}}