                       {"id":17405,"date":"2020-11-20T15:24:14","date_gmt":"2020-11-20T21:24:14","guid":{"rendered":"http:\/\/laultimapalabra.info\/?p=17405"},"modified":"2024-12-11T10:02:46","modified_gmt":"2024-12-11T16:02:46","slug":"piden-pan-y-no-les-dan","status":"publish","type":"post","link":"https:\/\/laultimapalabra.com.mx\/portal\/piden-pan-y-no-les-dan\/","title":{"rendered":"Piden PAN&#8230; \u00a1y no les dan!"},"content":{"rendered":"<p><span style=\"font-size: 1rem;\"><img loading=\"lazy\" decoding=\"async\" class=\"size-medium wp-image-17397 alignleft\" src=\"https:\/\/laultimapalabra.com.mx\/portal\/wp-content\/uploads\/2020\/11\/IMG-20201120-WA0010-300x200.jpg\" alt=\"\" width=\"300\" height=\"200\" srcset=\"https:\/\/laultimapalabra.com.mx\/portal\/wp-content\/uploads\/2020\/11\/IMG-20201120-WA0010-300x200.jpg 300w, https:\/\/laultimapalabra.com.mx\/portal\/wp-content\/uploads\/2020\/11\/IMG-20201120-WA0010-768x512.jpg 768w, https:\/\/laultimapalabra.com.mx\/portal\/wp-content\/uploads\/2020\/11\/IMG-20201120-WA0010.jpg 960w\" sizes=\"auto, (max-width: 300px) 100vw, 300px\" \/>Monterrey, M\u00e9xico (20 noviembre 2020).- La expectativa de integrar un gran frente opositor encabezado por el PAN y el PRI rumbo a la Gubernatura de Nuevo Le\u00f3n para &#8220;aplastar&#8221; a Morena dur\u00f3 apenas 48 horas.<\/span><\/p>\n<p><span style=\"font-weight: 400;\">Luego de intensas negociaciones y de que el dirigente nacional priista, Alejandro Moreno, se traslad\u00f3 de urgencia a Monterrey desde el martes para amarrar una coalici\u00f3n, finalmente ayer el PAN sepult\u00f3 cualquier proyecto en ese sentido.<\/span><\/p>\n<p><span style=\"font-weight: 400;\">En cambio, al vencer hoy a las 23:59 horas el plazo para registrar coaliciones, el albiazul pretende armar la suya con el PRD y buscar\u00e1 candidatos ciudadanos para los distintos cargos, incluyendo la Gubernatura.<\/span><\/p>\n<p><span style=\"font-weight: 400;\">El \u00faltimo intento de acuerdo entre panistas y priistas ocurri\u00f3 la noche del mi\u00e9rcoles en la residencia de Mauricio Fern\u00e1ndez, en San Pedro.<\/span><\/p>\n<p><span style=\"font-weight: 400;\">Adem\u00e1s de Fern\u00e1ndez y Moreno, en ese encuentro estuvieron Mauro Guerra, dirigente estatal albiazul, y Francisco Cienfuegos, Diputado local priista.<\/span><\/p>\n<p><span style=\"font-weight: 400;\">No acudieron Zeferino Salgado, Ra\u00fal Gracia ni V\u00edctor P\u00e9rez, principales liderazgos en Acci\u00f3n Nacional.<\/span><\/p>\n<p><span style=\"font-weight: 400;\">Fuentes allegadas a la reuni\u00f3n revelaron que el acuerdo perfilado consist\u00eda en dejar al PAN las candidaturas a la Gubernatura y a la Alcald\u00eda de Guadalupe, y al PRI la candidatura a la Alcald\u00eda de Monterrey.<\/span><\/p>\n<p><span style=\"font-weight: 400;\">Para concretar la negociaci\u00f3n, Adri\u00e1n de la Garza, Alcalde de Monterrey, habr\u00eda estado de acuerdo en sacrificar sus aspiraciones por la Gubernatura.<\/span><\/p>\n<p><span style=\"font-weight: 400;\">M\u00e1s temprano ese mismo d\u00eda, Moreno se reuni\u00f3 con empresarios del Grupo de los 10, tambi\u00e9n con miras a la coalici\u00f3n con el PAN y el PRD.<\/span><\/p>\n<p><span style=\"font-weight: 400;\">Todav\u00eda ayer, poco despu\u00e9s del mediod\u00eda, tras encontrarse en privado con aspirantes de su partido, legisladores y representantes de sectores, el l\u00edder nacional priista se mostr\u00f3 optimista, al se\u00f1alar que s\u00f3lo faltaba ponerse de acuerdo sobre los perfiles id\u00f3neos.<\/span><\/p>\n<p><span style=\"font-weight: 400;\">Sin embargo, a partir de las 15:00 horas empezaron a correr versiones de que el PAN no suscribir\u00eda alianza alguna con los tricolores.<\/span><\/p>\n<p><span style=\"font-weight: 400;\">A las 19:30 horas, el propio dirigente estatal panista descart\u00f3 cualquier arreglo.<\/span><\/p>\n<p><span style=\"font-weight: 400;\">Seg\u00fan Guerra, no se lograron acuerdos sobre los perfiles de los posibles candidatos, aunque tambi\u00e9n hubo versiones de que tuvo peso el rechazo de muchos panistas a unirse a un partido que consideran opuesto en cuanto a principios y valores, con el agravante de &#8220;unirse&#8221; a medinistas, como Cienfuegos, aspirante a la Alcald\u00eda de Monterrey.<\/span><\/p>\n<p><span style=\"font-weight: 400;\">&#8220;Hubo di\u00e1logo con todas las fuerzas pol\u00edticas&#8221;, dijo Guerra, &#8220;y al final no encontramos las condiciones o lo que est\u00e1bamos buscando como un proyecto que garantizara el darle a Nuevo Le\u00f3n el mejor candidato&#8221;.<\/span><\/p>\n<p><span style=\"font-weight: 400;\">Y mientras Guerra oficializaba el fin de las negociaciones, la Comisi\u00f3n Permanente del Consejo Pol\u00edtico del PRI autoriz\u00f3 a su dirigente estatal, Heriberto Trevi\u00f1o, a integrar un convenio de coalici\u00f3n para el 2021, sin mencionar partidos.<\/span><\/p>\n<p><span style=\"font-weight: 400;\">Aunque Guerra confirm\u00f3 la alianza con el PRD, cerca de las 22:00 horas la presidenta del Comit\u00e9 Directivo Estatal, Sylvia L\u00f3pez Elizondo, rechaz\u00f3 el convenio en un video y se inclin\u00f3 por una alianza con el PRI.<\/span><\/p>\n","protected":false},"excerpt":{"rendered":"<p>Monterrey, M\u00e9xico (20 noviembre 2020).- La expectativa de integrar un gran frente opositor encabezado por el PAN y el PRI rumbo a la Gubernatura de Nuevo Le\u00f3n para &#8220;aplastar&#8221; a Morena dur\u00f3 apenas 48 horas. Luego de intensas negociaciones y de que el dirigente nacional priista, Alejandro Moreno, se traslad\u00f3 de urgencia a Monterrey desde [&hellip;]<\/p>\n","protected":false},"author":9,"featured_media":17397,"comment_status":"open","ping_status":"closed","sticky":false,"template":"","format":"standard","meta":{"footnotes":""},"categories":[15],"tags":[1516,1695],"class_list":["post-17405","post","type-post","status-publish","format-standard","has-post-thumbnail","hentry","category-estado","tag-mauro-guerra","tag-pan-nl"],"_links":{"self":[{"href":"https:\/\/laultimapalabra.com.mx\/portal\/wp-json\/wp\/v2\/posts\/17405","targetHints":{"allow":["GET"]}}],"collection":[{"href":"https:\/\/laultimapalabra.com.mx\/portal\/wp-json\/wp\/v2\/posts"}],"about":[{"href":"https:\/\/laultimapalabra.com.mx\/portal\/wp-json\/wp\/v2\/types\/post"}],"author":[{"embeddable":true,"href":"https:\/\/laultimapalabra.com.mx\/portal\/wp-json\/wp\/v2\/users\/9"}],"replies":[{"embeddable":true,"href":"https:\/\/laultimapalabra.com.mx\/portal\/wp-json\/wp\/v2\/comments?post=17405"}],"version-history":[{"count":1,"href":"https:\/\/laultimapalabra.com.mx\/portal\/wp-json\/wp\/v2\/posts\/17405\/revisions"}],"predecessor-version":[{"id":72026,"href":"https:\/\/laultimapalabra.com.mx\/portal\/wp-json\/wp\/v2\/posts\/17405\/revisions\/72026"}],"wp:featuredmedia":[{"embeddable":true,"href":"https:\/\/laultimapalabra.com.mx\/portal\/wp-json\/wp\/v2\/media\/17397"}],"wp:attachment":[{"href":"https:\/\/laultimapalabra.com.mx\/portal\/wp-json\/wp\/v2\/media?parent=17405"}],"wp:term":[{"taxonomy":"category","embeddable":true,"href":"https:\/\/laultimapalabra.com.mx\/portal\/wp-json\/wp\/v2\/categories?post=17405"},{"taxonomy":"post_tag","embeddable":true,"href":"https:\/\/laultimapalabra.com.mx\/portal\/wp-json\/wp\/v2\/tags?post=17405"}],"curies":[{"name":"wp","href":"https:\/\/api.w.org\/{rel}","templated":true}]}}