                       {"id":17461,"date":"2020-11-25T14:12:25","date_gmt":"2020-11-25T20:12:25","guid":{"rendered":"http:\/\/laultimapalabra.info\/?p=17461"},"modified":"2024-12-11T10:02:46","modified_gmt":"2024-12-11T16:02:46","slug":"se-impacta-pipa-contra-camion-de-personal","status":"publish","type":"post","link":"https:\/\/laultimapalabra.com.mx\/portal\/se-impacta-pipa-contra-camion-de-personal\/","title":{"rendered":"Se impacta pipa contra cami\u00f3n de personal"},"content":{"rendered":"<p><span style=\"font-size: 1rem;\"><img loading=\"lazy\" decoding=\"async\" class=\"size-medium wp-image-17463 alignleft\" src=\"https:\/\/laultimapalabra.com.mx\/portal\/wp-content\/uploads\/2020\/11\/IMG-20201125-WA0024-300x169.jpg\" alt=\"\" width=\"300\" height=\"169\" srcset=\"https:\/\/laultimapalabra.com.mx\/portal\/wp-content\/uploads\/2020\/11\/IMG-20201125-WA0024-300x169.jpg 300w, https:\/\/laultimapalabra.com.mx\/portal\/wp-content\/uploads\/2020\/11\/IMG-20201125-WA0024-1024x576.jpg 1024w, https:\/\/laultimapalabra.com.mx\/portal\/wp-content\/uploads\/2020\/11\/IMG-20201125-WA0024-768x432.jpg 768w, https:\/\/laultimapalabra.com.mx\/portal\/wp-content\/uploads\/2020\/11\/IMG-20201125-WA0024.jpg 1280w\" sizes=\"auto, (max-width: 300px) 100vw, 300px\" \/>Cadereyta Jim\u00e9nez, N.L.- Esta ma\u00f1ana se suscit\u00f3 un accidente entre una unidad de transporte de personal y un cami\u00f3n cisterna en la carretera libre a Reynosa en el kil\u00f3metro 27, ubicaci\u00f3n muy cerca de la entrada a la colonia Lomas de los Pilares en el municipio de Cadereyta.\u00a0<\/span><\/p>\n<p>Fue a las 10:50 de la ma\u00f1ana cuando el veh\u00edculo de transporte de personal de la empresa Settepi, placas A 18009-R, conducido por Jos\u00e9 Isabel Victorino Reyna, se desplazaba de oriente a poniente en la referida carretera, cuando una pipa se atraves\u00f3 por la r\u00faa para dar vuelta de regreso suscit\u00e1ndose el impacto.<br \/>\nEl cami\u00f3n cisterna placas A-88-7P, conducido por Luis Gilberto Paredes Esparza, recibi\u00f3 el impacto en la parte trasera de su remolque, mientras que el cami\u00f3n de personal se proyectaba contra un poste de luz mercurial, al que derrib\u00f3.<br \/>\nAfortunadamente a pesar de lo aparatoso del accidente no hubo lesionados. Haci\u00e9ndose presentes los elementos de Tr\u00e1nsito de Cadereyta, para abanderar el lugar e iniciar los primeros peritajes del accidente.<\/p>\n","protected":false},"excerpt":{"rendered":"<p>Cadereyta Jim\u00e9nez, N.L.- Esta ma\u00f1ana se suscit\u00f3 un accidente entre una unidad de transporte de personal y un cami\u00f3n cisterna en la carretera libre a Reynosa en el kil\u00f3metro 27, ubicaci\u00f3n muy cerca de la entrada a la colonia Lomas de los Pilares en el municipio de Cadereyta.\u00a0 Fue a las 10:50 de la ma\u00f1ana [&hellip;]<\/p>\n","protected":false},"author":9,"featured_media":17462,"comment_status":"open","ping_status":"closed","sticky":false,"template":"","format":"standard","meta":{"footnotes":""},"categories":[17],"tags":[551],"class_list":["post-17461","post","type-post","status-publish","format-standard","has-post-thumbnail","hentry","category-locales-cadereyta","tag-choques-cadereyta"],"_links":{"self":[{"href":"https:\/\/laultimapalabra.com.mx\/portal\/wp-json\/wp\/v2\/posts\/17461","targetHints":{"allow":["GET"]}}],"collection":[{"href":"https:\/\/laultimapalabra.com.mx\/portal\/wp-json\/wp\/v2\/posts"}],"about":[{"href":"https:\/\/laultimapalabra.com.mx\/portal\/wp-json\/wp\/v2\/types\/post"}],"author":[{"embeddable":true,"href":"https:\/\/laultimapalabra.com.mx\/portal\/wp-json\/wp\/v2\/users\/9"}],"replies":[{"embeddable":true,"href":"https:\/\/laultimapalabra.com.mx\/portal\/wp-json\/wp\/v2\/comments?post=17461"}],"version-history":[{"count":1,"href":"https:\/\/laultimapalabra.com.mx\/portal\/wp-json\/wp\/v2\/posts\/17461\/revisions"}],"predecessor-version":[{"id":72060,"href":"https:\/\/laultimapalabra.com.mx\/portal\/wp-json\/wp\/v2\/posts\/17461\/revisions\/72060"}],"wp:featuredmedia":[{"embeddable":true,"href":"https:\/\/laultimapalabra.com.mx\/portal\/wp-json\/wp\/v2\/media\/17462"}],"wp:attachment":[{"href":"https:\/\/laultimapalabra.com.mx\/portal\/wp-json\/wp\/v2\/media?parent=17461"}],"wp:term":[{"taxonomy":"category","embeddable":true,"href":"https:\/\/laultimapalabra.com.mx\/portal\/wp-json\/wp\/v2\/categories?post=17461"},{"taxonomy":"post_tag","embeddable":true,"href":"https:\/\/laultimapalabra.com.mx\/portal\/wp-json\/wp\/v2\/tags?post=17461"}],"curies":[{"name":"wp","href":"https:\/\/api.w.org\/{rel}","templated":true}]}}