                       {"id":17491,"date":"2020-11-30T15:08:12","date_gmt":"2020-11-30T21:08:12","guid":{"rendered":"http:\/\/laultimapalabra.info\/?p=17491"},"modified":"2024-12-11T10:02:47","modified_gmt":"2024-12-11T16:02:47","slug":"se-ahoga-hombre-reportado-como-desaparecido","status":"publish","type":"post","link":"https:\/\/laultimapalabra.com.mx\/portal\/se-ahoga-hombre-reportado-como-desaparecido\/","title":{"rendered":"Se ahoga hombre reportado como desaparecido"},"content":{"rendered":"<p><span style=\"color: #333333; font-size: 1rem;\"><img loading=\"lazy\" decoding=\"async\" class=\"size-medium wp-image-17492 alignleft\" src=\"https:\/\/laultimapalabra.com.mx\/portal\/wp-content\/uploads\/2020\/11\/IMG-20201130-WA0028-300x200.jpg\" alt=\"\" width=\"300\" height=\"200\" srcset=\"https:\/\/laultimapalabra.com.mx\/portal\/wp-content\/uploads\/2020\/11\/IMG-20201130-WA0028-300x200.jpg 300w, https:\/\/laultimapalabra.com.mx\/portal\/wp-content\/uploads\/2020\/11\/IMG-20201130-WA0028-768x512.jpg 768w, https:\/\/laultimapalabra.com.mx\/portal\/wp-content\/uploads\/2020\/11\/IMG-20201130-WA0028.jpg 960w\" sizes=\"auto, (max-width: 300px) 100vw, 300px\" \/>Cadereyta Jimenez, N.L.- Luego de que el s\u00e1bado fue reportado como desaparecido, un hombre fue encontrado ahogado en aguas del R\u00edo San Juan, en Cadereyta.<\/span><\/p>\n<p>El reporte sobre el hallazgo de la v\u00edctima, fue realizado por varios paseantes que llegaron al paraje, por lo que fueron enviados al sitio rescatistas de Protecci\u00f3n Civil municipal y del Estado.<\/p>\n<p>Luego de revisar el \u00e1rea mencionada, los param\u00e9dicos localizaron el cad\u00e1ver, que fue recuperado por el equipo de buceo de Bomberos de Nuevo Le\u00f3n<\/p>\n<p>De acuerdo con fuentes cercanas a la investigaci\u00f3n, la v\u00edctima fue identificada como Gerardo Guzm\u00e1n Rodr\u00edguez, de unos 40 a\u00f1os, quien desde la tarde del s\u00e1bado hab\u00eda sido reportado como desaparecido por sus familiares.<\/p>\n<p>Al lugar arribaron tambi\u00e9n agentes ministeriales y peritos de la Fiscal\u00eda, para iniciar con la investigaci\u00f3n y poder establecer las causas de la muerte y la forma en c\u00f3mo ocurrieron los hechos.<\/p>\n","protected":false},"excerpt":{"rendered":"<p>Cadereyta Jimenez, N.L.- Luego de que el s\u00e1bado fue reportado como desaparecido, un hombre fue encontrado ahogado en aguas del R\u00edo San Juan, en Cadereyta. El reporte sobre el hallazgo de la v\u00edctima, fue realizado por varios paseantes que llegaron al paraje, por lo que fueron enviados al sitio rescatistas de Protecci\u00f3n Civil municipal y [&hellip;]<\/p>\n","protected":false},"author":9,"featured_media":17493,"comment_status":"open","ping_status":"closed","sticky":false,"template":"","format":"standard","meta":{"footnotes":""},"categories":[8,9],"tags":[2670],"class_list":["post-17491","post","type-post","status-publish","format-standard","has-post-thumbnail","hentry","category-seguridad","category-seguridad-cadereyta","tag-ahogados-cadereyta"],"_links":{"self":[{"href":"https:\/\/laultimapalabra.com.mx\/portal\/wp-json\/wp\/v2\/posts\/17491","targetHints":{"allow":["GET"]}}],"collection":[{"href":"https:\/\/laultimapalabra.com.mx\/portal\/wp-json\/wp\/v2\/posts"}],"about":[{"href":"https:\/\/laultimapalabra.com.mx\/portal\/wp-json\/wp\/v2\/types\/post"}],"author":[{"embeddable":true,"href":"https:\/\/laultimapalabra.com.mx\/portal\/wp-json\/wp\/v2\/users\/9"}],"replies":[{"embeddable":true,"href":"https:\/\/laultimapalabra.com.mx\/portal\/wp-json\/wp\/v2\/comments?post=17491"}],"version-history":[{"count":1,"href":"https:\/\/laultimapalabra.com.mx\/portal\/wp-json\/wp\/v2\/posts\/17491\/revisions"}],"predecessor-version":[{"id":72076,"href":"https:\/\/laultimapalabra.com.mx\/portal\/wp-json\/wp\/v2\/posts\/17491\/revisions\/72076"}],"wp:featuredmedia":[{"embeddable":true,"href":"https:\/\/laultimapalabra.com.mx\/portal\/wp-json\/wp\/v2\/media\/17493"}],"wp:attachment":[{"href":"https:\/\/laultimapalabra.com.mx\/portal\/wp-json\/wp\/v2\/media?parent=17491"}],"wp:term":[{"taxonomy":"category","embeddable":true,"href":"https:\/\/laultimapalabra.com.mx\/portal\/wp-json\/wp\/v2\/categories?post=17491"},{"taxonomy":"post_tag","embeddable":true,"href":"https:\/\/laultimapalabra.com.mx\/portal\/wp-json\/wp\/v2\/tags?post=17491"}],"curies":[{"name":"wp","href":"https:\/\/api.w.org\/{rel}","templated":true}]}}