                       {"id":17543,"date":"2020-12-07T10:15:25","date_gmt":"2020-12-07T16:15:25","guid":{"rendered":"http:\/\/laultimapalabra.info\/?p=17543"},"modified":"2024-12-11T10:02:47","modified_gmt":"2024-12-11T16:02:47","slug":"va-tatiana-clouthier-a-economia","status":"publish","type":"post","link":"https:\/\/laultimapalabra.com.mx\/portal\/va-tatiana-clouthier-a-economia\/","title":{"rendered":"Va Tatiana Clouthier a Econom\u00eda\u00a0"},"content":{"rendered":"<p><span style=\"font-size: 1rem;\"><img loading=\"lazy\" decoding=\"async\" class=\"size-medium wp-image-17544 alignleft\" src=\"https:\/\/laultimapalabra.com.mx\/portal\/wp-content\/uploads\/2020\/12\/4931879-300x200.jpg\" alt=\"\" width=\"300\" height=\"200\" srcset=\"https:\/\/laultimapalabra.com.mx\/portal\/wp-content\/uploads\/2020\/12\/4931879-300x200.jpg 300w, https:\/\/laultimapalabra.com.mx\/portal\/wp-content\/uploads\/2020\/12\/4931879-768x512.jpg 768w, https:\/\/laultimapalabra.com.mx\/portal\/wp-content\/uploads\/2020\/12\/4931879.jpg 960w\" sizes=\"auto, (max-width: 300px) 100vw, 300px\" \/>Cd. de M\u00e9xico (07 diciembre 2020).- La diputada morenista Tatiana Clouthier fue designada por el Presidente Andr\u00e9s Manuel L\u00f3pez Obrador como nueva Secretaria de Econom\u00eda en sustituci\u00f3n de Graciela M\u00e1rquez, quien fue propuesta como consejera del Inegi.\u00a0<\/span><\/p>\n<p>En conferencia en Palacio Nacional, el Mandatario federal expres\u00f3 que decidi\u00f3 escoger a Clouthier, porque es una mujer honesta, con principios.<\/p>\n<p>Dijo adem\u00e1s que Clouthier va a ayudar para que se siga promoviendo la actividad econ\u00f3mica en el Pa\u00eds y se tengan buenas relaciones con el sector empresarial, con el sector obrero y se siga fomentando el comercio exterior.<\/p>\n<p>&nbsp;<\/p>\n","protected":false},"excerpt":{"rendered":"<p>Cd. de M\u00e9xico (07 diciembre 2020).- La diputada morenista Tatiana Clouthier fue designada por el Presidente Andr\u00e9s Manuel L\u00f3pez Obrador como nueva Secretaria de Econom\u00eda en sustituci\u00f3n de Graciela M\u00e1rquez, quien fue propuesta como consejera del Inegi.\u00a0 En conferencia en Palacio Nacional, el Mandatario federal expres\u00f3 que decidi\u00f3 escoger a Clouthier, porque es una mujer [&hellip;]<\/p>\n","protected":false},"author":9,"featured_media":17544,"comment_status":"open","ping_status":"closed","sticky":false,"template":"","format":"standard","meta":{"footnotes":""},"categories":[19],"tags":[2184],"class_list":["post-17543","post","type-post","status-publish","format-standard","has-post-thumbnail","hentry","category-nacional","tag-tatiana-clouthier"],"_links":{"self":[{"href":"https:\/\/laultimapalabra.com.mx\/portal\/wp-json\/wp\/v2\/posts\/17543","targetHints":{"allow":["GET"]}}],"collection":[{"href":"https:\/\/laultimapalabra.com.mx\/portal\/wp-json\/wp\/v2\/posts"}],"about":[{"href":"https:\/\/laultimapalabra.com.mx\/portal\/wp-json\/wp\/v2\/types\/post"}],"author":[{"embeddable":true,"href":"https:\/\/laultimapalabra.com.mx\/portal\/wp-json\/wp\/v2\/users\/9"}],"replies":[{"embeddable":true,"href":"https:\/\/laultimapalabra.com.mx\/portal\/wp-json\/wp\/v2\/comments?post=17543"}],"version-history":[{"count":1,"href":"https:\/\/laultimapalabra.com.mx\/portal\/wp-json\/wp\/v2\/posts\/17543\/revisions"}],"predecessor-version":[{"id":72102,"href":"https:\/\/laultimapalabra.com.mx\/portal\/wp-json\/wp\/v2\/posts\/17543\/revisions\/72102"}],"wp:featuredmedia":[{"embeddable":true,"href":"https:\/\/laultimapalabra.com.mx\/portal\/wp-json\/wp\/v2\/media\/17544"}],"wp:attachment":[{"href":"https:\/\/laultimapalabra.com.mx\/portal\/wp-json\/wp\/v2\/media?parent=17543"}],"wp:term":[{"taxonomy":"category","embeddable":true,"href":"https:\/\/laultimapalabra.com.mx\/portal\/wp-json\/wp\/v2\/categories?post=17543"},{"taxonomy":"post_tag","embeddable":true,"href":"https:\/\/laultimapalabra.com.mx\/portal\/wp-json\/wp\/v2\/tags?post=17543"}],"curies":[{"name":"wp","href":"https:\/\/api.w.org\/{rel}","templated":true}]}}