                       {"id":17687,"date":"2020-12-16T13:10:18","date_gmt":"2020-12-16T19:10:18","guid":{"rendered":"http:\/\/laultimapalabra.info\/?p=17687"},"modified":"2024-12-11T10:02:48","modified_gmt":"2024-12-11T16:02:48","slug":"deja-paco-trevino-dirigencia-de-cnop-juarez","status":"publish","type":"post","link":"https:\/\/laultimapalabra.com.mx\/portal\/deja-paco-trevino-dirigencia-de-cnop-juarez\/","title":{"rendered":"Deja Paco Trevi\u00f1o dirigencia de CNOP Ju\u00e1rez"},"content":{"rendered":"<p><span style=\"font-size: 1rem;\"><img loading=\"lazy\" decoding=\"async\" class=\"size-medium wp-image-17689 alignleft\" src=\"https:\/\/laultimapalabra.com.mx\/portal\/wp-content\/uploads\/2020\/12\/IMG-20201216-WA0017-300x256.jpg\" alt=\"\" width=\"300\" height=\"256\" srcset=\"https:\/\/laultimapalabra.com.mx\/portal\/wp-content\/uploads\/2020\/12\/IMG-20201216-WA0017-300x256.jpg 300w, https:\/\/laultimapalabra.com.mx\/portal\/wp-content\/uploads\/2020\/12\/IMG-20201216-WA0017.jpg 720w\" sizes=\"auto, (max-width: 300px) 100vw, 300px\" \/>Ju\u00e1rez, N.L.- El d\u00eda de ayer, Paco Trevi\u00f1o, dej\u00f3 las riendas de la CNOP, para preparar su registro para un puesto de elecci\u00f3n popular el d\u00eda de ma\u00f1ana jueves por la ma\u00f1ana en las oficinas de su partido.<\/span><\/p>\n<p>Con la presencia de Carlos Barona, dirigente estatal del sector popular del PRI, en la sede de la CNOP de Ju\u00e1rez, Alejandro Vallejo Sauceda, tom\u00f3 las riendas de esa central y se espera que despu\u00e9s del registro de Paco Trevi\u00f1o en el PRI, se prepare el protocolo para su protesta como dirigente.<br \/>\nPaco Trevi\u00f1o agradeci\u00f3 a Carlos Barona su confianza, ya que fueron ocho a\u00f1os al frente de la CNOP de Ju\u00e1rez, puesto que deja para ir en pos de una candidatura por su partido.<\/p>\n","protected":false},"excerpt":{"rendered":"<p>Ju\u00e1rez, N.L.- El d\u00eda de ayer, Paco Trevi\u00f1o, dej\u00f3 las riendas de la CNOP, para preparar su registro para un puesto de elecci\u00f3n popular el d\u00eda de ma\u00f1ana jueves por la ma\u00f1ana en las oficinas de su partido. Con la presencia de Carlos Barona, dirigente estatal del sector popular del PRI, en la sede de [&hellip;]<\/p>\n","protected":false},"author":9,"featured_media":17688,"comment_status":"open","ping_status":"closed","sticky":false,"template":"","format":"standard","meta":{"footnotes":""},"categories":[18],"tags":[592,1684],"class_list":["post-17687","post","type-post","status-publish","format-standard","has-post-thumbnail","hentry","category-locales-juarez","tag-cnop-juarez","tag-paco-trevino"],"_links":{"self":[{"href":"https:\/\/laultimapalabra.com.mx\/portal\/wp-json\/wp\/v2\/posts\/17687","targetHints":{"allow":["GET"]}}],"collection":[{"href":"https:\/\/laultimapalabra.com.mx\/portal\/wp-json\/wp\/v2\/posts"}],"about":[{"href":"https:\/\/laultimapalabra.com.mx\/portal\/wp-json\/wp\/v2\/types\/post"}],"author":[{"embeddable":true,"href":"https:\/\/laultimapalabra.com.mx\/portal\/wp-json\/wp\/v2\/users\/9"}],"replies":[{"embeddable":true,"href":"https:\/\/laultimapalabra.com.mx\/portal\/wp-json\/wp\/v2\/comments?post=17687"}],"version-history":[{"count":1,"href":"https:\/\/laultimapalabra.com.mx\/portal\/wp-json\/wp\/v2\/posts\/17687\/revisions"}],"predecessor-version":[{"id":72174,"href":"https:\/\/laultimapalabra.com.mx\/portal\/wp-json\/wp\/v2\/posts\/17687\/revisions\/72174"}],"wp:featuredmedia":[{"embeddable":true,"href":"https:\/\/laultimapalabra.com.mx\/portal\/wp-json\/wp\/v2\/media\/17688"}],"wp:attachment":[{"href":"https:\/\/laultimapalabra.com.mx\/portal\/wp-json\/wp\/v2\/media?parent=17687"}],"wp:term":[{"taxonomy":"category","embeddable":true,"href":"https:\/\/laultimapalabra.com.mx\/portal\/wp-json\/wp\/v2\/categories?post=17687"},{"taxonomy":"post_tag","embeddable":true,"href":"https:\/\/laultimapalabra.com.mx\/portal\/wp-json\/wp\/v2\/tags?post=17687"}],"curies":[{"name":"wp","href":"https:\/\/api.w.org\/{rel}","templated":true}]}}