                       {"id":17772,"date":"2021-01-11T15:32:51","date_gmt":"2021-01-11T21:32:51","guid":{"rendered":"http:\/\/laultimapalabra.info\/?p=17772"},"modified":"2024-12-11T10:02:49","modified_gmt":"2024-12-11T16:02:49","slug":"designan-panistas-de-juarez-y-cadereyta-a-noe-y-cosme-como-sus-candidatos-a-las-alcaldias","status":"publish","type":"post","link":"https:\/\/laultimapalabra.com.mx\/portal\/designan-panistas-de-juarez-y-cadereyta-a-noe-y-cosme-como-sus-candidatos-a-las-alcaldias\/","title":{"rendered":"Designan panistas de Ju\u00e1rez y Cadereyta a Noe y Cosme como sus candidatos a las alcaldias"},"content":{"rendered":"<p><span style=\"font-size: 1rem;\"><img loading=\"lazy\" decoding=\"async\" class=\"size-medium wp-image-17774 alignleft\" src=\"https:\/\/laultimapalabra.com.mx\/portal\/wp-content\/uploads\/2021\/01\/IMG-20210111-WA0031-300x219.jpg\" alt=\"\" width=\"300\" height=\"219\" srcset=\"https:\/\/laultimapalabra.com.mx\/portal\/wp-content\/uploads\/2021\/01\/IMG-20210111-WA0031-300x219.jpg 300w, https:\/\/laultimapalabra.com.mx\/portal\/wp-content\/uploads\/2021\/01\/IMG-20210111-WA0031.jpg 630w\" sizes=\"auto, (max-width: 300px) 100vw, 300px\" \/>Ju\u00e1rez, N.L.- Los panistas de Ju\u00e1rez designaron por votaci\u00f3n directa a los ahora candidatos Cosme Juli\u00e1n Leal Cant\u00fa y No\u00e9 Ch\u00e1vez Montemayor, como abanderados para las alcald\u00edas de Cadereyta y Ju\u00e1rez respectivamente.<\/span><\/p>\n<p>En eventos por separados, en un horario de nueve de la ma\u00f1ana a cinco de la tarde, los panistas de Ju\u00e1rez y Cadereyta se reunieron en sus comit\u00e9s municipales de ambos municipios para designar a los aspirantes arriba mencionados.<br \/>\nEl d\u00eda de hoy, la Comisi\u00f3n Organizadora, ratificar\u00e1 ambas candidaturas del ex abanderado de Morena en Cadereyta y el exfuncionario del Gobierno Estatal para encarar la elecci\u00f3n pr\u00f3xima en las campa\u00f1as que iniciar\u00e1n el d\u00eda cinco de marzo.<\/p>\n","protected":false},"excerpt":{"rendered":"<p>Ju\u00e1rez, N.L.- Los panistas de Ju\u00e1rez designaron por votaci\u00f3n directa a los ahora candidatos Cosme Juli\u00e1n Leal Cant\u00fa y No\u00e9 Ch\u00e1vez Montemayor, como abanderados para las alcald\u00edas de Cadereyta y Ju\u00e1rez respectivamente. En eventos por separados, en un horario de nueve de la ma\u00f1ana a cinco de la tarde, los panistas de Ju\u00e1rez y Cadereyta [&hellip;]<\/p>\n","protected":false},"author":9,"featured_media":17773,"comment_status":"open","ping_status":"closed","sticky":false,"template":"","format":"standard","meta":{"footnotes":""},"categories":[17,18],"tags":[507,508,2644,2635,1695],"class_list":["post-17772","post","type-post","status-publish","format-standard","has-post-thumbnail","hentry","category-locales-cadereyta","category-locales-juarez","tag-cdm-pan-cadereyta","tag-cdm-pan-juarez","tag-cosme-leal-cantu","tag-noe-chavez","tag-pan-nl"],"_links":{"self":[{"href":"https:\/\/laultimapalabra.com.mx\/portal\/wp-json\/wp\/v2\/posts\/17772","targetHints":{"allow":["GET"]}}],"collection":[{"href":"https:\/\/laultimapalabra.com.mx\/portal\/wp-json\/wp\/v2\/posts"}],"about":[{"href":"https:\/\/laultimapalabra.com.mx\/portal\/wp-json\/wp\/v2\/types\/post"}],"author":[{"embeddable":true,"href":"https:\/\/laultimapalabra.com.mx\/portal\/wp-json\/wp\/v2\/users\/9"}],"replies":[{"embeddable":true,"href":"https:\/\/laultimapalabra.com.mx\/portal\/wp-json\/wp\/v2\/comments?post=17772"}],"version-history":[{"count":1,"href":"https:\/\/laultimapalabra.com.mx\/portal\/wp-json\/wp\/v2\/posts\/17772\/revisions"}],"predecessor-version":[{"id":72218,"href":"https:\/\/laultimapalabra.com.mx\/portal\/wp-json\/wp\/v2\/posts\/17772\/revisions\/72218"}],"wp:featuredmedia":[{"embeddable":true,"href":"https:\/\/laultimapalabra.com.mx\/portal\/wp-json\/wp\/v2\/media\/17773"}],"wp:attachment":[{"href":"https:\/\/laultimapalabra.com.mx\/portal\/wp-json\/wp\/v2\/media?parent=17772"}],"wp:term":[{"taxonomy":"category","embeddable":true,"href":"https:\/\/laultimapalabra.com.mx\/portal\/wp-json\/wp\/v2\/categories?post=17772"},{"taxonomy":"post_tag","embeddable":true,"href":"https:\/\/laultimapalabra.com.mx\/portal\/wp-json\/wp\/v2\/tags?post=17772"}],"curies":[{"name":"wp","href":"https:\/\/api.w.org\/{rel}","templated":true}]}}