                       {"id":17783,"date":"2021-01-12T15:31:21","date_gmt":"2021-01-12T21:31:21","guid":{"rendered":"http:\/\/laultimapalabra.info\/?p=17783"},"modified":"2024-12-11T10:02:49","modified_gmt":"2024-12-11T16:02:49","slug":"realiza-gobierno-de-cadereyta-operativo-contra-bajas-temperaturas","status":"publish","type":"post","link":"https:\/\/laultimapalabra.com.mx\/portal\/realiza-gobierno-de-cadereyta-operativo-contra-bajas-temperaturas\/","title":{"rendered":"Realiza Gobierno de Cadereyta operativo contra bajas temperaturas"},"content":{"rendered":"<p><span style=\"font-size: 1rem;\">\u00a0<img loading=\"lazy\" decoding=\"async\" class=\"size-medium wp-image-17785 alignleft\" src=\"https:\/\/laultimapalabra.com.mx\/portal\/wp-content\/uploads\/2021\/01\/FB_IMG_1610486401345-225x300.jpg\" alt=\"\" width=\"225\" height=\"300\" srcset=\"https:\/\/laultimapalabra.com.mx\/portal\/wp-content\/uploads\/2021\/01\/FB_IMG_1610486401345-225x300.jpg 225w, https:\/\/laultimapalabra.com.mx\/portal\/wp-content\/uploads\/2021\/01\/FB_IMG_1610486401345-768x1024.jpg 768w, https:\/\/laultimapalabra.com.mx\/portal\/wp-content\/uploads\/2021\/01\/FB_IMG_1610486401345.jpg 1080w\" sizes=\"auto, (max-width: 225px) 100vw, 225px\" \/>Cadereyta Jim\u00e9nez, N.L.- Con el objetivo de ayudar a las personas en situaci\u00f3n vulnerable, el Gobierno de Cadereyta realiz\u00f3 desde ayer un operativo contra el fr\u00edo en el centro del municipio de Cadereyta, colonias populares y diferentes \u00e1reas rurales repartiendo caf\u00e9 caliente, pan y ofreciendo traslado a los albergues a personas en situaci\u00f3n de calle.<\/span><\/p>\n<p>Si usted tiene conocimiento de alguien que requiera apoyo, favor de comun\u00edcarse al &#x1f4de; 828 28 4 25 25 para brindar la atenci\u00f3n a dichas personas ante las bajas temperaturas de.los pr\u00f3ximos d\u00edas.<\/p>\n<p>&nbsp;<\/p>\n","protected":false},"excerpt":{"rendered":"<p>\u00a0Cadereyta Jim\u00e9nez, N.L.- Con el objetivo de ayudar a las personas en situaci\u00f3n vulnerable, el Gobierno de Cadereyta realiz\u00f3 desde ayer un operativo contra el fr\u00edo en el centro del municipio de Cadereyta, colonias populares y diferentes \u00e1reas rurales repartiendo caf\u00e9 caliente, pan y ofreciendo traslado a los albergues a personas en situaci\u00f3n de calle. [&hellip;]<\/p>\n","protected":false},"author":9,"featured_media":17784,"comment_status":"open","ping_status":"closed","sticky":false,"template":"","format":"standard","meta":{"footnotes":""},"categories":[17],"tags":[1172,2647],"class_list":["post-17783","post","type-post","status-publish","format-standard","has-post-thumbnail","hentry","category-locales-cadereyta","tag-guillermo-de-leon-delgado","tag-operativos-frio-cadereyta"],"_links":{"self":[{"href":"https:\/\/laultimapalabra.com.mx\/portal\/wp-json\/wp\/v2\/posts\/17783","targetHints":{"allow":["GET"]}}],"collection":[{"href":"https:\/\/laultimapalabra.com.mx\/portal\/wp-json\/wp\/v2\/posts"}],"about":[{"href":"https:\/\/laultimapalabra.com.mx\/portal\/wp-json\/wp\/v2\/types\/post"}],"author":[{"embeddable":true,"href":"https:\/\/laultimapalabra.com.mx\/portal\/wp-json\/wp\/v2\/users\/9"}],"replies":[{"embeddable":true,"href":"https:\/\/laultimapalabra.com.mx\/portal\/wp-json\/wp\/v2\/comments?post=17783"}],"version-history":[{"count":1,"href":"https:\/\/laultimapalabra.com.mx\/portal\/wp-json\/wp\/v2\/posts\/17783\/revisions"}],"predecessor-version":[{"id":72224,"href":"https:\/\/laultimapalabra.com.mx\/portal\/wp-json\/wp\/v2\/posts\/17783\/revisions\/72224"}],"wp:featuredmedia":[{"embeddable":true,"href":"https:\/\/laultimapalabra.com.mx\/portal\/wp-json\/wp\/v2\/media\/17784"}],"wp:attachment":[{"href":"https:\/\/laultimapalabra.com.mx\/portal\/wp-json\/wp\/v2\/media?parent=17783"}],"wp:term":[{"taxonomy":"category","embeddable":true,"href":"https:\/\/laultimapalabra.com.mx\/portal\/wp-json\/wp\/v2\/categories?post=17783"},{"taxonomy":"post_tag","embeddable":true,"href":"https:\/\/laultimapalabra.com.mx\/portal\/wp-json\/wp\/v2\/tags?post=17783"}],"curies":[{"name":"wp","href":"https:\/\/api.w.org\/{rel}","templated":true}]}}