                       {"id":1786,"date":"2018-05-25T01:11:36","date_gmt":"2018-05-25T01:11:36","guid":{"rendered":"http:\/\/laultimapalabra.info\/?p=1786"},"modified":"2024-12-11T08:37:13","modified_gmt":"2024-12-11T14:37:13","slug":"el-quemador-16","status":"publish","type":"post","link":"https:\/\/laultimapalabra.com.mx\/portal\/el-quemador-16\/","title":{"rendered":"El Quemador"},"content":{"rendered":"<p style=\"text-align: justify;\"><img loading=\"lazy\" decoding=\"async\" class=\"size-medium wp-image-159 alignleft\" src=\"https:\/\/laultimapalabra.com.mx\/portal\/wp-content\/uploads\/2018\/02\/Banner-Caliente-copia-300x171.jpg\" alt=\"\" width=\"300\" height=\"171\" \/>Por: El Repre<\/p>\n<p style=\"text-align: justify;\">QUE INICIEN LOS JUEGOS<br \/>\nIniciamos esta columneja evocando aquella frase de la pel\u00edcula los juegos del hambre \u201cque inicien los juegos del hambre\u201d\u2026Y es que la efervescencia pol\u00edtica cada d\u00eda se pone m\u00e1s candente y no nos referimos a la pol\u00edtica municipal si no a la sindical que en estas \u00faltimas semanas se ha puesto de a peso\u2026que inicie el juego de las campa\u00f1as sindicales y que gane el mejor!!<br \/>\n1\u00ba DE JULIO<br \/>\nY aunque todo parec\u00eda indicar que los asuntos de la pol\u00edtica sindical detonar\u00edan apenas pasando el 1\u00ba de julio, d\u00eda de las elecciones locales y federales, pues les decimos que no\u2026y es que ya hay muchos levantando la mano y corriendo la voz para que llegado el momento se manifiesten y pedir el voto\u2026esto se va a descontrolar compitas!!<br \/>\nADELANTARAN ELECCIONES<br \/>\nY miren que todos los que buscan contender por alg\u00fan puesto sindical, hacen bien en moverse desde ya\u2026porque ah\u00ed les va: las elecciones sindicales ser\u00e1n adelantadas uno o dos meses\u2026as\u00ed que no esperen a que se den en octubre como lo marcan nuestros Estatutos Generales, porque seguramente ser\u00e1n en agosto o septiembre\u2026s\u00edganle!!<br \/>\n\u00bfPOR QU\u00c9?<br \/>\nQu\u00e9 \u00bfpor qu\u00e9 las adelantaran? Porque es un hecho que la Presidencia de la Republica la gane Andr\u00e9s Manuel L\u00f3pez Obrador y la c\u00fapula sindical no quiere dar tiempo a que se levanten grupos abanderados por los colores de MORENA, o sea, que no quieren sorpresitas \u2026pues ya les fallo el tiro, porque de estos grupos ya hay muchos!!<br \/>\nLOS DE MORENA<br \/>\nPues para que se vayan enterando de una vez y luego no reclamen que no se los dijimos, s\u00e9panlo que en la secci\u00f3n 49 hay m\u00e1s de 3 l\u00edderes plenamente identificados en apoyo al Movimiento de Regeneraci\u00f3n Nacional, y con much\u00edsima gente detr\u00e1s de ellos\u2026y lo mejor es que se hablan de tu con el mism\u00edsimo Pejecito con quien est\u00e1n en contacto desde hace a\u00f1os\u2026s\u00edganle!!<br \/>\nES UN HECHO<br \/>\nAs\u00ed que den por hecho que en la 49 resurgir\u00e1n estos movimientos de petroleros apoyados por morenistas\u2026es m\u00e1s en las pr\u00f3ximas semanas ya se tendr\u00e1n noticias de ellos y cr\u00e9anlo no son decenas ni centenas, son miles de trabajadores petroleros que buscaran un cambio en nuestra Secci\u00f3n\u2026ya lo ver\u00e1n!!<br \/>\nLOS FUNCIONARIOS<br \/>\nAhora que no solo los seguidores de AMLO-VE se levantaran en armas para buscar el tan anhelado cambio\u2026y si, tambi\u00e9n se los diremos en esta columneja: los funcionarios sindicales est\u00e1n divididos y ya comenzaron a reunirse para ver con quien jalaran (ahora s\u00ed quieren jalar)\u2026pero no se preocupen por la Presi Gayt\u00e1n, a ese no lo sigue ni su vieja!!<br \/>\nDOS GRUPOS<br \/>\nHay dos grupos de funcionarios, uno local conformado por lambiscones y par\u00e1sitos\u2026y otro liderado por un comisionado nacional que trae a lo m\u00e1s rescatable del actual Comit\u00e9 (como 2 0 3) y muchas ganas de hacer bien las cosas!!<br \/>\nSUENA FUERTE<br \/>\n\u00c9ste comisionado nacional trae apoyo de muchos compitas, y no de ahorita, si no de a\u00f1os atr\u00e1s\u2026y lo mejor es que cuenta con muchas relaciones y amistades del Comit\u00e9 Ejecutivo Nacional quienes ya le dieron el visto bueno\u2026pronto les diremos su nombre no coman ansias!!<br \/>\nLOS J\u00d3VENES<br \/>\nOtro de los movimientos que se vislumbra para contender por la Secretaria General de la 49 es uno que ser\u00e1 liderado por j\u00f3venes\u2026incluso nos dicen que la mayor\u00eda de ellos son j\u00f3venes profesionistas o que est\u00e1n a nada de serlo\u2026pues de todos los proyectos sin duda que \u00e9ste es el mejor!!<br \/>\nEL POTRO<br \/>\nEl \u00faltimo de los movimientos ser\u00e1 encabezado por el Potro Vega que reci\u00e9n alzo la voz\u2026y es que hace apenas unos d\u00edas el Potro p\u00fablico en su p\u00e1gina de Facebook un texto que dec\u00eda: \u201cabusados que estoy por levantarme\u201d y no de la cama\u2026es bien sabido que el Potro lleva ya mucho tiempo picando piedra para volver a sentir la pasi\u00f3n de la funci\u00f3n sindical!!<br \/>\n5 PLANILLAS<br \/>\nRecapitulando: en las pr\u00f3ximas semanas se estar\u00e1n destapando por lo menos 5 planillas a contender en los pr\u00f3ximos comicios sindicales\u20261. La de todos los AMLOVERS, que estar\u00e1n de moda y traer\u00e1n la fuerza por el triunfo del Peje\u20262. La que encabezara el comisionado nacional que es muy atractiva\u20263. La de los comisionados locales que no pinta pa\u00b4 nada\u20264. La de los j\u00f3venes, la m\u00e1s interesante y 5. La del Potro Vega\u2026elijan bien compitas!! Arrivederchi!!<\/p>\n","protected":false},"excerpt":{"rendered":"<p>Por: El Repre QUE INICIEN LOS JUEGOS Iniciamos esta columneja evocando aquella frase de la pel\u00edcula los juegos del hambre \u201cque inicien los juegos del hambre\u201d\u2026Y es que la efervescencia pol\u00edtica cada d\u00eda se pone m\u00e1s candente y no nos referimos a la pol\u00edtica municipal si no a la sindical que en estas \u00faltimas semanas [&hellip;]<\/p>\n","protected":false},"author":9,"featured_media":159,"comment_status":"open","ping_status":"closed","sticky":false,"template":"","format":"standard","meta":{"footnotes":""},"categories":[1],"tags":[944],"class_list":["post-1786","post","type-post","status-publish","format-standard","has-post-thumbnail","hentry","category-noticias","tag-el-repre-el-quemador"],"_links":{"self":[{"href":"https:\/\/laultimapalabra.com.mx\/portal\/wp-json\/wp\/v2\/posts\/1786","targetHints":{"allow":["GET"]}}],"collection":[{"href":"https:\/\/laultimapalabra.com.mx\/portal\/wp-json\/wp\/v2\/posts"}],"about":[{"href":"https:\/\/laultimapalabra.com.mx\/portal\/wp-json\/wp\/v2\/types\/post"}],"author":[{"embeddable":true,"href":"https:\/\/laultimapalabra.com.mx\/portal\/wp-json\/wp\/v2\/users\/9"}],"replies":[{"embeddable":true,"href":"https:\/\/laultimapalabra.com.mx\/portal\/wp-json\/wp\/v2\/comments?post=1786"}],"version-history":[{"count":1,"href":"https:\/\/laultimapalabra.com.mx\/portal\/wp-json\/wp\/v2\/posts\/1786\/revisions"}],"predecessor-version":[{"id":63967,"href":"https:\/\/laultimapalabra.com.mx\/portal\/wp-json\/wp\/v2\/posts\/1786\/revisions\/63967"}],"wp:featuredmedia":[{"embeddable":true,"href":"https:\/\/laultimapalabra.com.mx\/portal\/wp-json\/"}],"wp:attachment":[{"href":"https:\/\/laultimapalabra.com.mx\/portal\/wp-json\/wp\/v2\/media?parent=1786"}],"wp:term":[{"taxonomy":"category","embeddable":true,"href":"https:\/\/laultimapalabra.com.mx\/portal\/wp-json\/wp\/v2\/categories?post=1786"},{"taxonomy":"post_tag","embeddable":true,"href":"https:\/\/laultimapalabra.com.mx\/portal\/wp-json\/wp\/v2\/tags?post=1786"}],"curies":[{"name":"wp","href":"https:\/\/api.w.org\/{rel}","templated":true}]}}