                       {"id":17938,"date":"2021-01-27T14:53:09","date_gmt":"2021-01-27T20:53:09","guid":{"rendered":"http:\/\/laultimapalabra.info\/?p=17938"},"modified":"2024-12-11T10:02:51","modified_gmt":"2024-12-11T16:02:51","slug":"muren-dos-ahogados-en-san-juan","status":"publish","type":"post","link":"https:\/\/laultimapalabra.com.mx\/portal\/muren-dos-ahogados-en-san-juan\/","title":{"rendered":"Muren dos ahogados en San Juan"},"content":{"rendered":"<p><span style=\"font-size: 1rem;\"><img loading=\"lazy\" decoding=\"async\" class=\"size-medium wp-image-17918 alignleft\" src=\"https:\/\/laultimapalabra.com.mx\/portal\/wp-content\/uploads\/2021\/01\/IMG-20210126-WA0029-300x169.jpg\" alt=\"\" width=\"300\" height=\"169\" srcset=\"https:\/\/laultimapalabra.com.mx\/portal\/wp-content\/uploads\/2021\/01\/IMG-20210126-WA0029-300x169.jpg 300w, https:\/\/laultimapalabra.com.mx\/portal\/wp-content\/uploads\/2021\/01\/IMG-20210126-WA0029-1024x576.jpg 1024w, https:\/\/laultimapalabra.com.mx\/portal\/wp-content\/uploads\/2021\/01\/IMG-20210126-WA0029-768x432.jpg 768w, https:\/\/laultimapalabra.com.mx\/portal\/wp-content\/uploads\/2021\/01\/IMG-20210126-WA0029.jpg 1280w\" sizes=\"auto, (max-width: 300px) 100vw, 300px\" \/>Cadereyta Jimenez, N.L.- Un adulto y un menor de edad, fallecieron la tarde de ayer bajo el puente que comunica a las comunidades de San Juan y Rancho Viejo.<\/span><\/p>\n<p>Adolfo L\u00f3pez Ju\u00e1rez de 24 a\u00f1os de edad y el menor Neftal\u00ed Benjam\u00edn Canseco L\u00f3pez, de 14, se metieron a ba\u00f1ar a las traicioneras aguas del R\u00edo San Juan, en el lugar que se le conoce como La Lagunita.<br \/>\nSe cree que el primero en entrar al agua fue el menor de edad y el mayor trat\u00f3 de auxiliarlo, falleciendo ambos en el sitio.<br \/>\nRescatistas de servicios de Emergencia Cadereyta se movilizaron al lugar, rescatando primeramente a Adolfo, mientras que despu\u00e9s de una intensa b\u00fasqueda lograron dar con el cuerpo del menor.<br \/>\nAl sitio arribaron elementos de Seguridad P\u00fablica Municipal, Fuerza Civil y posteriormente Servicios Periciales para hacer el levantamiento de las v\u00edctimas que resid\u00edan en el municipio de Apodaca.<\/p>\n","protected":false},"excerpt":{"rendered":"<p>Cadereyta Jimenez, N.L.- Un adulto y un menor de edad, fallecieron la tarde de ayer bajo el puente que comunica a las comunidades de San Juan y Rancho Viejo. Adolfo L\u00f3pez Ju\u00e1rez de 24 a\u00f1os de edad y el menor Neftal\u00ed Benjam\u00edn Canseco L\u00f3pez, de 14, se metieron a ba\u00f1ar a las traicioneras aguas del [&hellip;]<\/p>\n","protected":false},"author":9,"featured_media":17917,"comment_status":"open","ping_status":"closed","sticky":false,"template":"","format":"standard","meta":{"footnotes":""},"categories":[17],"tags":[2670],"class_list":["post-17938","post","type-post","status-publish","format-standard","has-post-thumbnail","hentry","category-locales-cadereyta","tag-ahogados-cadereyta"],"_links":{"self":[{"href":"https:\/\/laultimapalabra.com.mx\/portal\/wp-json\/wp\/v2\/posts\/17938","targetHints":{"allow":["GET"]}}],"collection":[{"href":"https:\/\/laultimapalabra.com.mx\/portal\/wp-json\/wp\/v2\/posts"}],"about":[{"href":"https:\/\/laultimapalabra.com.mx\/portal\/wp-json\/wp\/v2\/types\/post"}],"author":[{"embeddable":true,"href":"https:\/\/laultimapalabra.com.mx\/portal\/wp-json\/wp\/v2\/users\/9"}],"replies":[{"embeddable":true,"href":"https:\/\/laultimapalabra.com.mx\/portal\/wp-json\/wp\/v2\/comments?post=17938"}],"version-history":[{"count":1,"href":"https:\/\/laultimapalabra.com.mx\/portal\/wp-json\/wp\/v2\/posts\/17938\/revisions"}],"predecessor-version":[{"id":72296,"href":"https:\/\/laultimapalabra.com.mx\/portal\/wp-json\/wp\/v2\/posts\/17938\/revisions\/72296"}],"wp:featuredmedia":[{"embeddable":true,"href":"https:\/\/laultimapalabra.com.mx\/portal\/wp-json\/wp\/v2\/media\/17917"}],"wp:attachment":[{"href":"https:\/\/laultimapalabra.com.mx\/portal\/wp-json\/wp\/v2\/media?parent=17938"}],"wp:term":[{"taxonomy":"category","embeddable":true,"href":"https:\/\/laultimapalabra.com.mx\/portal\/wp-json\/wp\/v2\/categories?post=17938"},{"taxonomy":"post_tag","embeddable":true,"href":"https:\/\/laultimapalabra.com.mx\/portal\/wp-json\/wp\/v2\/tags?post=17938"}],"curies":[{"name":"wp","href":"https:\/\/api.w.org\/{rel}","templated":true}]}}