                       {"id":18397,"date":"2021-03-09T17:04:42","date_gmt":"2021-03-09T23:04:42","guid":{"rendered":"http:\/\/laultimapalabra.info\/?p=18397"},"modified":"2024-12-11T10:02:55","modified_gmt":"2024-12-11T16:02:55","slug":"sostienen-bomberos-de-cadereyta-intensa-lucha-contra-incendios","status":"publish","type":"post","link":"https:\/\/laultimapalabra.com.mx\/portal\/sostienen-bomberos-de-cadereyta-intensa-lucha-contra-incendios\/","title":{"rendered":"Sostienen Bomberos de Cadereyta intensa lucha contra incendios"},"content":{"rendered":"<p><span style=\"font-size: 1rem;\">*Los pastizales secos y el efecto lupa principales motivos de incendio.<\/span><\/p>\n<p><img loading=\"lazy\" decoding=\"async\" class=\"size-medium wp-image-18425 alignleft\" src=\"https:\/\/laultimapalabra.com.mx\/portal\/wp-content\/uploads\/2021\/03\/IMG-20210309-WA0008-225x300.jpg\" alt=\"\" width=\"225\" height=\"300\" srcset=\"https:\/\/laultimapalabra.com.mx\/portal\/wp-content\/uploads\/2021\/03\/IMG-20210309-WA0008-225x300.jpg 225w, https:\/\/laultimapalabra.com.mx\/portal\/wp-content\/uploads\/2021\/03\/IMG-20210309-WA0008-768x1024.jpg 768w, https:\/\/laultimapalabra.com.mx\/portal\/wp-content\/uploads\/2021\/03\/IMG-20210309-WA0008.jpg 960w\" sizes=\"auto, (max-width: 225px) 100vw, 225px\" \/>Cadereyta Jim\u00e9nez,N.L.- Los bomberos de Cadereyta, enfrentaron en estos \u00faltimos d\u00edas una intensa oleada de incendios de pastizales, tanto en la zona urbana, como en la zona rural.<br \/>\nUno de ellos se desencaden\u00f3 en la Hacienda Las Abras, donde el pasto seco por las pasadas heladas fue apagado por los tragahumos jimenenses.<br \/>\nTambi\u00e9n apagaron un incendio en la Hacienda Chihuahuita, adem\u00e1s de enfrentar las llamas en un monte cercano al r\u00edo Santa Catarina.<br \/>\nDentro de la ciudad, los servicios de emergencia acudieron a varios incendios entre los que se encuentran las colonias Las Espigas, Bella Vista, Santa Luc\u00eda y el infonavit Jos\u00e9 O. Mart\u00ednez.<br \/>\nLa recomendaci\u00f3n de los bomberos de Cadereyta a la poblaci\u00f3n es no tirar basura para no provocar el efecto lupa y por ende los incendios en el pasto seco.<\/p>\n","protected":false},"excerpt":{"rendered":"<p>*Los pastizales secos y el efecto lupa principales motivos de incendio. Cadereyta Jim\u00e9nez,N.L.- Los bomberos de Cadereyta, enfrentaron en estos \u00faltimos d\u00edas una intensa oleada de incendios de pastizales, tanto en la zona urbana, como en la zona rural. Uno de ellos se desencaden\u00f3 en la Hacienda Las Abras, donde el pasto seco por las [&hellip;]<\/p>\n","protected":false},"author":9,"featured_media":18426,"comment_status":"open","ping_status":"closed","sticky":false,"template":"","format":"standard","meta":{"footnotes":""},"categories":[17],"tags":[1172,1260,2136],"class_list":["post-18397","post","type-post","status-publish","format-standard","has-post-thumbnail","hentry","category-locales-cadereyta","tag-guillermo-de-leon-delgado","tag-incendios-cadereyta","tag-servicios-de-emergencias-cadereyta"],"_links":{"self":[{"href":"https:\/\/laultimapalabra.com.mx\/portal\/wp-json\/wp\/v2\/posts\/18397","targetHints":{"allow":["GET"]}}],"collection":[{"href":"https:\/\/laultimapalabra.com.mx\/portal\/wp-json\/wp\/v2\/posts"}],"about":[{"href":"https:\/\/laultimapalabra.com.mx\/portal\/wp-json\/wp\/v2\/types\/post"}],"author":[{"embeddable":true,"href":"https:\/\/laultimapalabra.com.mx\/portal\/wp-json\/wp\/v2\/users\/9"}],"replies":[{"embeddable":true,"href":"https:\/\/laultimapalabra.com.mx\/portal\/wp-json\/wp\/v2\/comments?post=18397"}],"version-history":[{"count":1,"href":"https:\/\/laultimapalabra.com.mx\/portal\/wp-json\/wp\/v2\/posts\/18397\/revisions"}],"predecessor-version":[{"id":72550,"href":"https:\/\/laultimapalabra.com.mx\/portal\/wp-json\/wp\/v2\/posts\/18397\/revisions\/72550"}],"wp:featuredmedia":[{"embeddable":true,"href":"https:\/\/laultimapalabra.com.mx\/portal\/wp-json\/wp\/v2\/media\/18426"}],"wp:attachment":[{"href":"https:\/\/laultimapalabra.com.mx\/portal\/wp-json\/wp\/v2\/media?parent=18397"}],"wp:term":[{"taxonomy":"category","embeddable":true,"href":"https:\/\/laultimapalabra.com.mx\/portal\/wp-json\/wp\/v2\/categories?post=18397"},{"taxonomy":"post_tag","embeddable":true,"href":"https:\/\/laultimapalabra.com.mx\/portal\/wp-json\/wp\/v2\/tags?post=18397"}],"curies":[{"name":"wp","href":"https:\/\/api.w.org\/{rel}","templated":true}]}}