                       {"id":18459,"date":"2021-03-11T17:03:36","date_gmt":"2021-03-11T23:03:36","guid":{"rendered":"http:\/\/laultimapalabra.info\/?p=18459"},"modified":"2024-12-11T10:02:56","modified_gmt":"2024-12-11T16:02:56","slug":"vuelca-pipa-sobre-carretera-cadereyta-allende","status":"publish","type":"post","link":"https:\/\/laultimapalabra.com.mx\/portal\/vuelca-pipa-sobre-carretera-cadereyta-allende\/","title":{"rendered":"Vuelca pipa sobre carretera Cadereyta- Allende"},"content":{"rendered":"<p><span style=\"font-size: 1rem;\"><img loading=\"lazy\" decoding=\"async\" class=\"size-medium wp-image-18476 alignleft\" src=\"https:\/\/laultimapalabra.com.mx\/portal\/wp-content\/uploads\/2021\/03\/IMG-20210311-WA0008-1-300x165.jpg\" alt=\"\" width=\"300\" height=\"165\" srcset=\"https:\/\/laultimapalabra.com.mx\/portal\/wp-content\/uploads\/2021\/03\/IMG-20210311-WA0008-1-300x165.jpg 300w, https:\/\/laultimapalabra.com.mx\/portal\/wp-content\/uploads\/2021\/03\/IMG-20210311-WA0008-1.jpg 758w\" sizes=\"auto, (max-width: 300px) 100vw, 300px\" \/>Cadereyta Jim\u00e9nez, N.L.- La ma\u00f1ana de hoy aproximadamente las 8:30am la carretera Cadereyta-Allende se encontraba parcialmente obstruida debido a una volcadura protagonizada.por una pipa en el km 23 a la altura de la comunidad de Atongo.<\/span><\/p>\n<p>Afortunadamente, s\u00f3lo lesiones leves recibi\u00f3 el operador de la pesada unidad, quien se indentific\u00f3 como C\u00e9sar Armando Alcocer de la l\u00ednea de<br \/>\nTransportaci\u00f3nes LM.<\/p>\n","protected":false},"excerpt":{"rendered":"<p>Cadereyta Jim\u00e9nez, N.L.- La ma\u00f1ana de hoy aproximadamente las 8:30am la carretera Cadereyta-Allende se encontraba parcialmente obstruida debido a una volcadura protagonizada.por una pipa en el km 23 a la altura de la comunidad de Atongo. Afortunadamente, s\u00f3lo lesiones leves recibi\u00f3 el operador de la pesada unidad, quien se indentific\u00f3 como C\u00e9sar Armando Alcocer de [&hellip;]<\/p>\n","protected":false},"author":9,"featured_media":18475,"comment_status":"open","ping_status":"closed","sticky":false,"template":"","format":"standard","meta":{"footnotes":""},"categories":[17],"tags":[2747],"class_list":["post-18459","post","type-post","status-publish","format-standard","has-post-thumbnail","hentry","category-locales-cadereyta","tag-accidentes-viales-cadereyta"],"_links":{"self":[{"href":"https:\/\/laultimapalabra.com.mx\/portal\/wp-json\/wp\/v2\/posts\/18459","targetHints":{"allow":["GET"]}}],"collection":[{"href":"https:\/\/laultimapalabra.com.mx\/portal\/wp-json\/wp\/v2\/posts"}],"about":[{"href":"https:\/\/laultimapalabra.com.mx\/portal\/wp-json\/wp\/v2\/types\/post"}],"author":[{"embeddable":true,"href":"https:\/\/laultimapalabra.com.mx\/portal\/wp-json\/wp\/v2\/users\/9"}],"replies":[{"embeddable":true,"href":"https:\/\/laultimapalabra.com.mx\/portal\/wp-json\/wp\/v2\/comments?post=18459"}],"version-history":[{"count":1,"href":"https:\/\/laultimapalabra.com.mx\/portal\/wp-json\/wp\/v2\/posts\/18459\/revisions"}],"predecessor-version":[{"id":72568,"href":"https:\/\/laultimapalabra.com.mx\/portal\/wp-json\/wp\/v2\/posts\/18459\/revisions\/72568"}],"wp:featuredmedia":[{"embeddable":true,"href":"https:\/\/laultimapalabra.com.mx\/portal\/wp-json\/wp\/v2\/media\/18475"}],"wp:attachment":[{"href":"https:\/\/laultimapalabra.com.mx\/portal\/wp-json\/wp\/v2\/media?parent=18459"}],"wp:term":[{"taxonomy":"category","embeddable":true,"href":"https:\/\/laultimapalabra.com.mx\/portal\/wp-json\/wp\/v2\/categories?post=18459"},{"taxonomy":"post_tag","embeddable":true,"href":"https:\/\/laultimapalabra.com.mx\/portal\/wp-json\/wp\/v2\/tags?post=18459"}],"curies":[{"name":"wp","href":"https:\/\/api.w.org\/{rel}","templated":true}]}}