                       {"id":18499,"date":"2021-03-14T11:01:00","date_gmt":"2021-03-14T17:01:00","guid":{"rendered":"http:\/\/laultimapalabra.info\/?p=18499"},"modified":"2024-12-11T10:02:56","modified_gmt":"2024-12-11T16:02:56","slug":"muere-conductor-baleado-en-el-centro-de-cadereyta","status":"publish","type":"post","link":"https:\/\/laultimapalabra.com.mx\/portal\/muere-conductor-baleado-en-el-centro-de-cadereyta\/","title":{"rendered":"Muere conductor baleado en el centro de Cadereyta"},"content":{"rendered":"<p><span style=\"font-size: 1rem;\">*El joven ejecutado fue asesinado por dos agresores que le dispararon a corta distancia.<\/span><\/p>\n<p><img loading=\"lazy\" decoding=\"async\" class=\"size-medium wp-image-18501 alignleft\" src=\"https:\/\/laultimapalabra.com.mx\/portal\/wp-content\/uploads\/2021\/03\/4992480-300x200.jpg\" alt=\"\" width=\"300\" height=\"200\" srcset=\"https:\/\/laultimapalabra.com.mx\/portal\/wp-content\/uploads\/2021\/03\/4992480-300x200.jpg 300w, https:\/\/laultimapalabra.com.mx\/portal\/wp-content\/uploads\/2021\/03\/4992480-768x512.jpg 768w, https:\/\/laultimapalabra.com.mx\/portal\/wp-content\/uploads\/2021\/03\/4992480.jpg 960w\" sizes=\"auto, (max-width: 300px) 100vw, 300px\" \/>Cadereyta Jim\u00e9nez, N.L.- El conductor de una camioneta fue ejecutado a balazos ayer en la zona centro de Cadereyta.<\/p>\n<p>Una fuente policiaca identific\u00f3 a la v\u00edctima mortal como Jes\u00fas Alberto \u00c1lvarez Vela, de 19 a\u00f1os.<\/p>\n<p>Tras el ataque, la pick up Silverado del joven avanz\u00f3 sin control y choc\u00f3 contra un auto y una camioneta estacionados.<\/p>\n<p>El cuerpo de \u00c1lvarez Vela qued\u00f3 dentro de la cabina de la unidad que conduc\u00eda.<\/p>\n<p>La ejecuci\u00f3n fue reportada alrededor de las 15:00 horas de ayer en el cruce de las calles Cuauht\u00e9moc y Gonzalitos, mencion\u00f3 el informante.<\/p>\n<p>Al ser alertados de los disparos, al lugar acudieron param\u00e9dicos y polic\u00edas municipales y de Fuerza Civil, pero el joven ya hab\u00eda fallecido.<\/p>\n<p>Seg\u00fan el informante, los testigos interrogados por las autoridades mencionaron que \u00c1lvarez Vela conduc\u00eda la camioneta cuando lo sorprendieron al menos dos delincuentes.<\/p>\n<p>Los agresores le dispararon en varias ocasiones a corta distancia y huyeron.<\/p>\n<p>La fuente dijo que al lugar del ataque llegaron familiares del joven, quienes lo identificaron ante las autoridades.<\/p>\n<p>&nbsp;<\/p>\n","protected":false},"excerpt":{"rendered":"<p>*El joven ejecutado fue asesinado por dos agresores que le dispararon a corta distancia. Cadereyta Jim\u00e9nez, N.L.- El conductor de una camioneta fue ejecutado a balazos ayer en la zona centro de Cadereyta. Una fuente policiaca identific\u00f3 a la v\u00edctima mortal como Jes\u00fas Alberto \u00c1lvarez Vela, de 19 a\u00f1os. Tras el ataque, la pick up [&hellip;]<\/p>\n","protected":false},"author":9,"featured_media":18500,"comment_status":"open","ping_status":"closed","sticky":false,"template":"","format":"standard","meta":{"footnotes":""},"categories":[8,9],"tags":[926],"class_list":["post-18499","post","type-post","status-publish","format-standard","has-post-thumbnail","hentry","category-seguridad","category-seguridad-cadereyta","tag-ejecutados-cadereyta"],"_links":{"self":[{"href":"https:\/\/laultimapalabra.com.mx\/portal\/wp-json\/wp\/v2\/posts\/18499","targetHints":{"allow":["GET"]}}],"collection":[{"href":"https:\/\/laultimapalabra.com.mx\/portal\/wp-json\/wp\/v2\/posts"}],"about":[{"href":"https:\/\/laultimapalabra.com.mx\/portal\/wp-json\/wp\/v2\/types\/post"}],"author":[{"embeddable":true,"href":"https:\/\/laultimapalabra.com.mx\/portal\/wp-json\/wp\/v2\/users\/9"}],"replies":[{"embeddable":true,"href":"https:\/\/laultimapalabra.com.mx\/portal\/wp-json\/wp\/v2\/comments?post=18499"}],"version-history":[{"count":1,"href":"https:\/\/laultimapalabra.com.mx\/portal\/wp-json\/wp\/v2\/posts\/18499\/revisions"}],"predecessor-version":[{"id":72584,"href":"https:\/\/laultimapalabra.com.mx\/portal\/wp-json\/wp\/v2\/posts\/18499\/revisions\/72584"}],"wp:featuredmedia":[{"embeddable":true,"href":"https:\/\/laultimapalabra.com.mx\/portal\/wp-json\/wp\/v2\/media\/18500"}],"wp:attachment":[{"href":"https:\/\/laultimapalabra.com.mx\/portal\/wp-json\/wp\/v2\/media?parent=18499"}],"wp:term":[{"taxonomy":"category","embeddable":true,"href":"https:\/\/laultimapalabra.com.mx\/portal\/wp-json\/wp\/v2\/categories?post=18499"},{"taxonomy":"post_tag","embeddable":true,"href":"https:\/\/laultimapalabra.com.mx\/portal\/wp-json\/wp\/v2\/tags?post=18499"}],"curies":[{"name":"wp","href":"https:\/\/api.w.org\/{rel}","templated":true}]}}