                       {"id":1855,"date":"2018-05-31T23:05:14","date_gmt":"2018-05-31T23:05:14","guid":{"rendered":"http:\/\/laultimapalabra.info\/?p=1855"},"modified":"2024-12-11T08:37:14","modified_gmt":"2024-12-11T14:37:14","slug":"municipio-de-juarez-nuevo-leon","status":"publish","type":"post","link":"https:\/\/laultimapalabra.com.mx\/portal\/municipio-de-juarez-nuevo-leon\/","title":{"rendered":"Municipio de Ju\u00e1rez Nuevo Le\u00f3n"},"content":{"rendered":"<p><img loading=\"lazy\" decoding=\"async\" class=\"size-medium wp-image-1857 alignleft\" src=\"https:\/\/laultimapalabra.com.mx\/portal\/wp-content\/uploads\/2018\/05\/Ju\u00e1rez-NL003-300x136.jpg\" alt=\"\" width=\"300\" height=\"136\" \/>Por: Dr. Jos\u00e9 Ascenci\u00f3n Tijerina Flores<\/p>\n<p style=\"text-align: justify;\">Es \u00e9ste uno de los lugares m\u00e1s antiguos, cuyo origen se remonta a los primeros a\u00f1os de la poblaci\u00f3n del Nuevo Reino de Le\u00f3n.<br \/>\nEn la zona que forma el actual municipio, a las riberas del r\u00edo o a las faldas de la sierra encontramos que fueron \u201cmercedes\u201d otorgadas a los primeros fundadores. Hacia la sierra, \u201cuna legua m\u00e1s delante de la boca tuvo sus propiedades Diego Rodr\u00edguez por merced que le hiciera el Gobernador Diego de Montemayor el 15 de junio de 1604\u201d.<br \/>\nGonzalo Fern\u00e1ndez de Castro, esposo de Mar\u00eda Rodr\u00edguez, hered\u00f3 esos lugares. En 1641 las compr\u00f3 Juan P\u00e9rez de Lerma y sus sucesores las vendieron el 30 de marzo de 1658 a Juan M\u00e9ndez Tovar por 30 vacas \u201ca\u00f1ejadas\u201d y 50 novillos de edad.<br \/>\nEl 14 de junio de 1604, el mismo Gobernador hizo \u201cmerced\u201d a Jos\u00e9 De Trevi\u00f1o vendiendo sus herederos a Jos\u00e9 M\u00e9ndez Tovar con los de Vaquer\u00eda. Antonio V\u00e1zquez del R\u00edo, tambi\u00e9n tendr\u00eda \u201cmercedes\u201d en la regi\u00f3n all\u00e1 por 1605.<br \/>\nA Bernab\u00e9 Gonz\u00e1lez hijo, le fueron concedidos hacia el norte un sitio de ganado mayor y tres de menor. Esta merced fue fechada en Cerralvo el 1 de abril de 1642 y autorizada por el Gobernador, sit\u00faa estas tierras entre las dos Pesquer\u00edas, desde el camino real (a Cerralvo) a la ciudad de Monterrey y posteriormente Bernab\u00e9 Gonz\u00e1lez adquiere 10 sitios de ganado menor pertenecientes a los propios de Cadereyta por compra que hizo al Ayuntamiento, siendo \u00e9l quien fund\u00f3 la hacienda de San Jos\u00e9.<br \/>\nHist\u00f3ricamente puede tomarse como fecha de fundaci\u00f3n el 1 de abril de 1642, sin embargo, la referencia m\u00e1s antigua es la visita de Juan de Zavala el 9 de marzo de 1653 que no da lugar a confusi\u00f3n con otra hacienda del mismo nombre de Don Juan de Z\u00fa\u00f1iga y Almar\u00e1s, tambi\u00e9n en jurisdicci\u00f3n de Cadereyta y que aparece en los \u201cautos\u201d de visita hechos por Antonio P\u00e9rez de Molina en 1655.<br \/>\nBernab\u00e9 Gonz\u00e1lez extiende sus propiedades con la compra que hace a Jos\u00e9 M\u00e9ndez Tovar un 6 de mayo de 1667 de tres sitios de ganado mayor, uno de menor y dos caballer\u00edas de tierra.<br \/>\nPor 1675 (17 de febrero) muere Bernab\u00e9 Gonz\u00e1lez importante poblador que hab\u00eda llegado en 1618, hijo de Marcos Gonz\u00e1lez fundador de la hacienda \u201cEl Topo\u201d y vivi\u00f3 con su esposa e hijos en la comunidad.<br \/>\nEn 1682 hacen \u201chijuela\u201d de partici\u00f3n y en 1685 visita la hacienda el Gobernador Marqu\u00e9s de San Miguel de Aguayo y les encarga \u201cel buen tratamiento a los indios y la ense\u00f1anza de doctrina\u201d. Dan comisi\u00f3n a Juan Bautista Chapa para la conversi\u00f3n de sitios de ganado mayor y menor, tocando a cada hijo sitio y medio m\u00e1s una caballer\u00eda de tierra.<br \/>\nLas partes de Antonio Leal (viudo de Juana Gonz\u00e1lez) y la de Antonio Gonz\u00e1lez, son medidas del Arroyo de Los \u00c1lamos hasta el camino a Monterrey y al pil\u00f3n hasta el puerto donde sale el Arroyo de Los \u00c1lamos que forman hacienda San Roque.<br \/>\nEn 1692, el Gobernador Pedro Fern\u00e1ndez de la Ventosa ordena el traslado de 12 indios para ir a o\u00edr misa en Cadereyta. Cayetano Salinas y Pedro Trevi\u00f1o en representaci\u00f3n de los vecinos solicitan la separaci\u00f3n de Cadereyta por tener la antig\u00fcedad y la cantidad de habitantes necesarios para ello, adem\u00e1s que esta hacienda de San Jos\u00e9 queda muy apartada de Cadereyta y quisiera un alcalde \u201cque conozca el lugar, tenga prestigio y simpat\u00eda con sus habitantes\u201d siendo el nombre de esta Villa del Rosario.<br \/>\nDespu\u00e9s de algunas negativas del Ayuntamiento de Cadereyta, un 9 de marzo de 1850 el Congreso emite el decreto numero 69 origin\u00e1ndose as\u00ed la nueva municipalidad integrada por una serie de poblados y haciendas teniendo como centro o eje la Plaza de San Jos\u00e9 design\u00e1ndose a la Villa como del Rosario.<br \/>\nExiste la tradici\u00f3n y leyenda de que un asno conduciendo dos cajones de madera, conteniendo una la imagen de la Virgen de Agualeguas y la otra la del Rosario, dicho jamelgo se detuvo un instante en ese lugar y al continuar su camino solamente llevaba la Virgen de Agualeguas mientras que la del Rosario quedar\u00eda aqu\u00ed como una maravillosa aparici\u00f3n que est\u00e1 en la Capilla de San Jos\u00e9 y que es erigida su Capilla humilde y antigua en 1849 debido a la pobreza y humildad de los vecinos.<br \/>\nEstos y mucho otros datos se encuentran en los archivos municipales de Monterrey y Cadereyta adem\u00e1s de pleitos y diferencias de esta hacienda que hoy es un progresista municipio muy cercano y hermanado a nuestra Cadereyta.<br \/>\nTomado del libro 27 municipio de Nuevo Le\u00f3n del Profesor Israel Cavazos Garza.<br \/>\nGracias<\/p>\n","protected":false},"excerpt":{"rendered":"<p>Por: Dr. Jos\u00e9 Ascenci\u00f3n Tijerina Flores Es \u00e9ste uno de los lugares m\u00e1s antiguos, cuyo origen se remonta a los primeros a\u00f1os de la poblaci\u00f3n del Nuevo Reino de Le\u00f3n. En la zona que forma el actual municipio, a las riberas del r\u00edo o a las faldas de la sierra encontramos que fueron \u201cmercedes\u201d otorgadas [&hellip;]<\/p>\n","protected":false},"author":9,"featured_media":1857,"comment_status":"open","ping_status":"closed","sticky":false,"template":"","format":"standard","meta":{"footnotes":""},"categories":[1],"tags":[879],"class_list":["post-1855","post","type-post","status-publish","format-standard","has-post-thumbnail","hentry","category-noticias","tag-dr-jose-ascencion-tijerina-flores"],"_links":{"self":[{"href":"https:\/\/laultimapalabra.com.mx\/portal\/wp-json\/wp\/v2\/posts\/1855","targetHints":{"allow":["GET"]}}],"collection":[{"href":"https:\/\/laultimapalabra.com.mx\/portal\/wp-json\/wp\/v2\/posts"}],"about":[{"href":"https:\/\/laultimapalabra.com.mx\/portal\/wp-json\/wp\/v2\/types\/post"}],"author":[{"embeddable":true,"href":"https:\/\/laultimapalabra.com.mx\/portal\/wp-json\/wp\/v2\/users\/9"}],"replies":[{"embeddable":true,"href":"https:\/\/laultimapalabra.com.mx\/portal\/wp-json\/wp\/v2\/comments?post=1855"}],"version-history":[{"count":1,"href":"https:\/\/laultimapalabra.com.mx\/portal\/wp-json\/wp\/v2\/posts\/1855\/revisions"}],"predecessor-version":[{"id":64003,"href":"https:\/\/laultimapalabra.com.mx\/portal\/wp-json\/wp\/v2\/posts\/1855\/revisions\/64003"}],"wp:featuredmedia":[{"embeddable":true,"href":"https:\/\/laultimapalabra.com.mx\/portal\/wp-json\/"}],"wp:attachment":[{"href":"https:\/\/laultimapalabra.com.mx\/portal\/wp-json\/wp\/v2\/media?parent=1855"}],"wp:term":[{"taxonomy":"category","embeddable":true,"href":"https:\/\/laultimapalabra.com.mx\/portal\/wp-json\/wp\/v2\/categories?post=1855"},{"taxonomy":"post_tag","embeddable":true,"href":"https:\/\/laultimapalabra.com.mx\/portal\/wp-json\/wp\/v2\/tags?post=1855"}],"curies":[{"name":"wp","href":"https:\/\/api.w.org\/{rel}","templated":true}]}}