                       {"id":18592,"date":"2021-03-22T13:14:49","date_gmt":"2021-03-22T19:14:49","guid":{"rendered":"http:\/\/laultimapalabra.info\/?p=18592"},"modified":"2024-12-11T10:02:57","modified_gmt":"2024-12-11T16:02:57","slug":"revive-incendio-tras-8hrs-de-haber-sido-sofocado","status":"publish","type":"post","link":"https:\/\/laultimapalabra.com.mx\/portal\/revive-incendio-tras-8hrs-de-haber-sido-sofocado\/","title":{"rendered":"Revive incendi\u00f3 tras 8hrs de haber sido sofocado"},"content":{"rendered":"<p><span style=\"font-size: 1rem;\">*El incidente consumi\u00f3 en su totalidad cuatro plataformas.<\/span><\/p>\n<p><img loading=\"lazy\" decoding=\"async\" class=\"size-medium wp-image-18600 alignleft\" src=\"https:\/\/laultimapalabra.com.mx\/portal\/wp-content\/uploads\/2021\/03\/Screenshot_20210322_130919-300x180.jpg\" alt=\"\" width=\"300\" height=\"180\" srcset=\"https:\/\/laultimapalabra.com.mx\/portal\/wp-content\/uploads\/2021\/03\/Screenshot_20210322_130919-300x180.jpg 300w, https:\/\/laultimapalabra.com.mx\/portal\/wp-content\/uploads\/2021\/03\/Screenshot_20210322_130919-1024x615.jpg 1024w, https:\/\/laultimapalabra.com.mx\/portal\/wp-content\/uploads\/2021\/03\/Screenshot_20210322_130919-768x461.jpg 768w, https:\/\/laultimapalabra.com.mx\/portal\/wp-content\/uploads\/2021\/03\/Screenshot_20210322_130919-1536x923.jpg 1536w, https:\/\/laultimapalabra.com.mx\/portal\/wp-content\/uploads\/2021\/03\/Screenshot_20210322_130919-240x145.jpg 240w, https:\/\/laultimapalabra.com.mx\/portal\/wp-content\/uploads\/2021\/03\/Screenshot_20210322_130919.jpg 1798w\" sizes=\"auto, (max-width: 300px) 100vw, 300px\" \/>Cadereyta Jim\u00e9nez, N.L.- Un incendio que se registrar\u00e1 la madrugada de ayer domingo en una l\u00ednea de trailer que aparentemente hab\u00eda sido controlado, ocho horas despu\u00e9s aproximadamente volvi\u00f3 a cobrar fuerza causando da\u00f1os a cuatro plataformas de tr\u00e1iler que fueron consumidas en su totalidad.<br \/>\nEl incidente se registr\u00f3 en la Linea de tr\u00e1iler Loro ubicada en el km 26 de la autopista Mty-Cadereyta-Reynosa y fue necesaria la presencia de Bomberos de Cadereyta, quienes controlaron el siniestro adem\u00e1s del personal de la empresa, que tuvo que realizar maniobras con tractocamiones para retirar otras plataformas y con esto evitar que fueran afectadas.<\/p>\n","protected":false},"excerpt":{"rendered":"<p>*El incidente consumi\u00f3 en su totalidad cuatro plataformas. Cadereyta Jim\u00e9nez, N.L.- Un incendio que se registrar\u00e1 la madrugada de ayer domingo en una l\u00ednea de trailer que aparentemente hab\u00eda sido controlado, ocho horas despu\u00e9s aproximadamente volvi\u00f3 a cobrar fuerza causando da\u00f1os a cuatro plataformas de tr\u00e1iler que fueron consumidas en su totalidad. El incidente se [&hellip;]<\/p>\n","protected":false},"author":9,"featured_media":18601,"comment_status":"open","ping_status":"closed","sticky":false,"template":"","format":"standard","meta":{"footnotes":""},"categories":[17,8,9],"tags":[1172,1260,2136],"class_list":["post-18592","post","type-post","status-publish","format-standard","has-post-thumbnail","hentry","category-locales-cadereyta","category-seguridad","category-seguridad-cadereyta","tag-guillermo-de-leon-delgado","tag-incendios-cadereyta","tag-servicios-de-emergencias-cadereyta"],"_links":{"self":[{"href":"https:\/\/laultimapalabra.com.mx\/portal\/wp-json\/wp\/v2\/posts\/18592","targetHints":{"allow":["GET"]}}],"collection":[{"href":"https:\/\/laultimapalabra.com.mx\/portal\/wp-json\/wp\/v2\/posts"}],"about":[{"href":"https:\/\/laultimapalabra.com.mx\/portal\/wp-json\/wp\/v2\/types\/post"}],"author":[{"embeddable":true,"href":"https:\/\/laultimapalabra.com.mx\/portal\/wp-json\/wp\/v2\/users\/9"}],"replies":[{"embeddable":true,"href":"https:\/\/laultimapalabra.com.mx\/portal\/wp-json\/wp\/v2\/comments?post=18592"}],"version-history":[{"count":1,"href":"https:\/\/laultimapalabra.com.mx\/portal\/wp-json\/wp\/v2\/posts\/18592\/revisions"}],"predecessor-version":[{"id":72628,"href":"https:\/\/laultimapalabra.com.mx\/portal\/wp-json\/wp\/v2\/posts\/18592\/revisions\/72628"}],"wp:featuredmedia":[{"embeddable":true,"href":"https:\/\/laultimapalabra.com.mx\/portal\/wp-json\/wp\/v2\/media\/18601"}],"wp:attachment":[{"href":"https:\/\/laultimapalabra.com.mx\/portal\/wp-json\/wp\/v2\/media?parent=18592"}],"wp:term":[{"taxonomy":"category","embeddable":true,"href":"https:\/\/laultimapalabra.com.mx\/portal\/wp-json\/wp\/v2\/categories?post=18592"},{"taxonomy":"post_tag","embeddable":true,"href":"https:\/\/laultimapalabra.com.mx\/portal\/wp-json\/wp\/v2\/tags?post=18592"}],"curies":[{"name":"wp","href":"https:\/\/api.w.org\/{rel}","templated":true}]}}