                       {"id":18638,"date":"2021-03-24T15:27:52","date_gmt":"2021-03-24T21:27:52","guid":{"rendered":"http:\/\/laultimapalabra.info\/?p=18638"},"modified":"2024-12-11T10:02:57","modified_gmt":"2024-12-11T16:02:57","slug":"visita-ladron-dos-veces-al-mismo-afectado-en-pleno-centro-de-cadereyta","status":"publish","type":"post","link":"https:\/\/laultimapalabra.com.mx\/portal\/visita-ladron-dos-veces-al-mismo-afectado-en-pleno-centro-de-cadereyta\/","title":{"rendered":"Visita ladr\u00f3n dos veces al mismo afectado en pleno centro de Cadereyta"},"content":{"rendered":"<p><span style=\"font-size: 1rem;\">*Los vecinos piden mayor seguridad en el \u00e1rea. <\/span><\/p>\n<p><span style=\"font-size: 1rem;\"><img loading=\"lazy\" decoding=\"async\" class=\"size-medium wp-image-18639 alignleft\" src=\"https:\/\/laultimapalabra.com.mx\/portal\/wp-content\/uploads\/2021\/03\/Screenshot_20210324_152647-300x180.jpg\" alt=\"\" width=\"300\" height=\"180\" srcset=\"https:\/\/laultimapalabra.com.mx\/portal\/wp-content\/uploads\/2021\/03\/Screenshot_20210324_152647-300x180.jpg 300w, https:\/\/laultimapalabra.com.mx\/portal\/wp-content\/uploads\/2021\/03\/Screenshot_20210324_152647-1024x613.jpg 1024w, https:\/\/laultimapalabra.com.mx\/portal\/wp-content\/uploads\/2021\/03\/Screenshot_20210324_152647-768x460.jpg 768w, https:\/\/laultimapalabra.com.mx\/portal\/wp-content\/uploads\/2021\/03\/Screenshot_20210324_152647-1536x920.jpg 1536w, https:\/\/laultimapalabra.com.mx\/portal\/wp-content\/uploads\/2021\/03\/Screenshot_20210324_152647-240x145.jpg 240w, https:\/\/laultimapalabra.com.mx\/portal\/wp-content\/uploads\/2021\/03\/Screenshot_20210324_152647.jpg 1803w\" sizes=\"auto, (max-width: 300px) 100vw, 300px\" \/>Cadereyta jim\u00e9nez, N.L.- Por segunda vez en dos meses, un ladr\u00f3n solitario se toma todo el tiempo del mundo para abrir y robarse pertenencias del interior de una camioneta en pleno centro de Cadereyta.\u00a0<\/span><\/p>\n<p><span style=\"font-weight: 400;\">Con un valor considerable en art\u00edculos de fotograf\u00eda, m\u00e1s el da\u00f1o al vidrio de la puerta trasera; fue el resultado de este atraco a la camioneta\u00a0 estacionada afuera del domicilio ubicado en la calle Iturbide entre 5 de Mayo y Mutualismo, a escasas cuatro cuadras de la Presidencia Municipal.\u00a0<\/span><\/p>\n<p><span style=\"font-weight: 400;\">El atraco se realiz\u00f3 a las 2:30 de la madrugada del d\u00eda de ayer mientras el delincuente estuvo durante 14 minutos en el interior del veh\u00edculo sin que nadie le impidiera realizar el robo, siendo la segunda vez que la afectada era robada en esta ocasi\u00f3n si interpuso la denuncia correspondiente; ya que tambi\u00e9n otro vecino result\u00f3 afectado.<\/span><\/p>\n<p>&nbsp;<\/p>\n","protected":false},"excerpt":{"rendered":"<p>*Los vecinos piden mayor seguridad en el \u00e1rea. Cadereyta jim\u00e9nez, N.L.- Por segunda vez en dos meses, un ladr\u00f3n solitario se toma todo el tiempo del mundo para abrir y robarse pertenencias del interior de una camioneta en pleno centro de Cadereyta.\u00a0 Con un valor considerable en art\u00edculos de fotograf\u00eda, m\u00e1s el da\u00f1o al vidrio [&hellip;]<\/p>\n","protected":false},"author":9,"featured_media":18639,"comment_status":"open","ping_status":"closed","sticky":false,"template":"","format":"standard","meta":{"footnotes":""},"categories":[17],"tags":[2039],"class_list":["post-18638","post","type-post","status-publish","format-standard","has-post-thumbnail","hentry","category-locales-cadereyta","tag-robos-cadereyta"],"_links":{"self":[{"href":"https:\/\/laultimapalabra.com.mx\/portal\/wp-json\/wp\/v2\/posts\/18638","targetHints":{"allow":["GET"]}}],"collection":[{"href":"https:\/\/laultimapalabra.com.mx\/portal\/wp-json\/wp\/v2\/posts"}],"about":[{"href":"https:\/\/laultimapalabra.com.mx\/portal\/wp-json\/wp\/v2\/types\/post"}],"author":[{"embeddable":true,"href":"https:\/\/laultimapalabra.com.mx\/portal\/wp-json\/wp\/v2\/users\/9"}],"replies":[{"embeddable":true,"href":"https:\/\/laultimapalabra.com.mx\/portal\/wp-json\/wp\/v2\/comments?post=18638"}],"version-history":[{"count":1,"href":"https:\/\/laultimapalabra.com.mx\/portal\/wp-json\/wp\/v2\/posts\/18638\/revisions"}],"predecessor-version":[{"id":72644,"href":"https:\/\/laultimapalabra.com.mx\/portal\/wp-json\/wp\/v2\/posts\/18638\/revisions\/72644"}],"wp:featuredmedia":[{"embeddable":true,"href":"https:\/\/laultimapalabra.com.mx\/portal\/wp-json\/wp\/v2\/media\/18639"}],"wp:attachment":[{"href":"https:\/\/laultimapalabra.com.mx\/portal\/wp-json\/wp\/v2\/media?parent=18638"}],"wp:term":[{"taxonomy":"category","embeddable":true,"href":"https:\/\/laultimapalabra.com.mx\/portal\/wp-json\/wp\/v2\/categories?post=18638"},{"taxonomy":"post_tag","embeddable":true,"href":"https:\/\/laultimapalabra.com.mx\/portal\/wp-json\/wp\/v2\/tags?post=18638"}],"curies":[{"name":"wp","href":"https:\/\/api.w.org\/{rel}","templated":true}]}}