                       {"id":1869,"date":"2018-05-31T23:57:27","date_gmt":"2018-05-31T23:57:27","guid":{"rendered":"http:\/\/laultimapalabra.info\/?p=1869"},"modified":"2024-12-11T08:37:14","modified_gmt":"2024-12-11T14:37:14","slug":"corren-con-causa-1200-competidores","status":"publish","type":"post","link":"https:\/\/laultimapalabra.com.mx\/portal\/corren-con-causa-1200-competidores\/","title":{"rendered":"Corren \u201ccon causa\u201d 1,200 competidores"},"content":{"rendered":"<p style=\"text-align: justify;\"><img loading=\"lazy\" decoding=\"async\" class=\"size-medium wp-image-1864 alignleft\" src=\"https:\/\/laultimapalabra.com.mx\/portal\/wp-content\/uploads\/2018\/05\/1.3-CARRERA-300x141.jpg\" alt=\"\" width=\"300\" height=\"141\" \/> *Visita alcalde a alumnos de la Prepa 12<\/p>\n<p style=\"text-align: justify;\">CADEREYTA JIM\u00c9NEZ, N.L.-<br \/>\nAlrededor de Mil 200 competidores, entre alumnos, maestros, padres de familia e integrantes de la comunidad, participaron en la tercera edici\u00f3n de la Carrera Corre con Causa, organizada por la Preparatoria 12 de la Universidad Aut\u00f3noma de Nuevo Le\u00f3n, en beneficio del Hospital Universitario, este s\u00e1bado 26 de mayo.<br \/>\n<img loading=\"lazy\" decoding=\"async\" class=\"size-medium wp-image-1863 alignleft\" src=\"https:\/\/laultimapalabra.com.mx\/portal\/wp-content\/uploads\/2018\/05\/1.2-CARRERA-300x200.jpg\" alt=\"\" width=\"300\" height=\"200\" \/>El arranque de la actividad estuvo encabezado por el Director de dicho plantel, Gilberto S\u00e1nchez Plascencia, y del Alcalde Jos\u00e9 Santiago Preciado Robles, quien adem\u00e1s visit\u00f3 las aulas donde 540 alumnos egresados de secundaria, toman cursos de apoyo para el examen de ingreso a esta escuela.<br \/>\nPosteriormente, las autoridades entregaron medallas y reconocimientos a los mejores competidores, a quienes dieron un mensaje de agradecimiento, por participar en estas competencias deportivas a beneficio, en las que, adem\u00e1s, se promueve la activaci\u00f3n f\u00edsica.<\/p>\n","protected":false},"excerpt":{"rendered":"<p>*Visita alcalde a alumnos de la Prepa 12 CADEREYTA JIM\u00c9NEZ, N.L.- Alrededor de Mil 200 competidores, entre alumnos, maestros, padres de familia e integrantes de la comunidad, participaron en la tercera edici\u00f3n de la Carrera Corre con Causa, organizada por la Preparatoria 12 de la Universidad Aut\u00f3noma de Nuevo Le\u00f3n, en beneficio del Hospital Universitario, [&hellip;]<\/p>\n","protected":false},"author":9,"featured_media":1862,"comment_status":"open","ping_status":"closed","sticky":false,"template":"","format":"standard","meta":{"footnotes":""},"categories":[1],"tags":[467,1838],"class_list":["post-1869","post","type-post","status-publish","format-standard","has-post-thumbnail","hentry","category-noticias","tag-carrera-corre-con-causa","tag-prepa-12-uanl"],"_links":{"self":[{"href":"https:\/\/laultimapalabra.com.mx\/portal\/wp-json\/wp\/v2\/posts\/1869","targetHints":{"allow":["GET"]}}],"collection":[{"href":"https:\/\/laultimapalabra.com.mx\/portal\/wp-json\/wp\/v2\/posts"}],"about":[{"href":"https:\/\/laultimapalabra.com.mx\/portal\/wp-json\/wp\/v2\/types\/post"}],"author":[{"embeddable":true,"href":"https:\/\/laultimapalabra.com.mx\/portal\/wp-json\/wp\/v2\/users\/9"}],"replies":[{"embeddable":true,"href":"https:\/\/laultimapalabra.com.mx\/portal\/wp-json\/wp\/v2\/comments?post=1869"}],"version-history":[{"count":1,"href":"https:\/\/laultimapalabra.com.mx\/portal\/wp-json\/wp\/v2\/posts\/1869\/revisions"}],"predecessor-version":[{"id":64009,"href":"https:\/\/laultimapalabra.com.mx\/portal\/wp-json\/wp\/v2\/posts\/1869\/revisions\/64009"}],"wp:featuredmedia":[{"embeddable":true,"href":"https:\/\/laultimapalabra.com.mx\/portal\/wp-json\/"}],"wp:attachment":[{"href":"https:\/\/laultimapalabra.com.mx\/portal\/wp-json\/wp\/v2\/media?parent=1869"}],"wp:term":[{"taxonomy":"category","embeddable":true,"href":"https:\/\/laultimapalabra.com.mx\/portal\/wp-json\/wp\/v2\/categories?post=1869"},{"taxonomy":"post_tag","embeddable":true,"href":"https:\/\/laultimapalabra.com.mx\/portal\/wp-json\/wp\/v2\/tags?post=1869"}],"curies":[{"name":"wp","href":"https:\/\/api.w.org\/{rel}","templated":true}]}}