                       {"id":18695,"date":"2020-02-19T16:49:57","date_gmt":"2020-02-19T22:49:57","guid":{"rendered":"http:\/\/laultimapalabra.info\/?p=13279"},"modified":"2024-12-11T10:02:58","modified_gmt":"2024-12-11T16:02:58","slug":"realizan-bodas-colectivas-en-juarez","status":"publish","type":"post","link":"https:\/\/laultimapalabra.com.mx\/portal\/realizan-bodas-colectivas-en-juarez\/","title":{"rendered":"Realizan Bodas Colectivas en Ju\u00e1rez"},"content":{"rendered":"<p style=\"text-align: justify;\"><img loading=\"lazy\" decoding=\"async\" class=\"size-medium wp-image-13280 alignleft\" src=\"https:\/\/laultimapalabra.com.mx\/portal\/wp-content\/uploads\/2020\/02\/WhatsApp-Image-2020-02-19-at-1.44.24-PM-300x200.jpeg\" alt=\"\" width=\"300\" height=\"200\" \/> <img loading=\"lazy\" decoding=\"async\" class=\"size-medium wp-image-13282 alignright\" src=\"https:\/\/laultimapalabra.com.mx\/portal\/wp-content\/uploads\/2020\/02\/WhatsApp-Image-2020-02-19-at-1.44.27-PM-300x200.jpeg\" alt=\"\" width=\"300\" height=\"200\" \/>Ju\u00e1rez, N. L.- El d\u00eda de hoy el Gobierno Municipal de Ju\u00e1rez apoy\u00f3 a un total de 120 parejas que contrajeron nupcias en las Bodas Colectivas realizadas en las instalaciones de Plaza San Roque, donde tuvieron madrina de lujo con la Presidenta del Sistema DIF Municipal, Alma Leticia Gonz\u00e1lez de Trevi\u00f1o Cant\u00fa, quien tambi\u00e9n en representaci\u00f3n del Gobierno Municipal entreg\u00f3 a los novios un mega pastel para compartir con sus invitados<\/p>\n","protected":false},"excerpt":{"rendered":"<p>Ju\u00e1rez, N. L.- El d\u00eda de hoy el Gobierno Municipal de Ju\u00e1rez apoy\u00f3 a un total de 120 parejas que contrajeron nupcias en las Bodas Colectivas realizadas en las instalaciones de Plaza San Roque, donde tuvieron madrina de lujo con la Presidenta del Sistema DIF Municipal, Alma Leticia Gonz\u00e1lez de Trevi\u00f1o Cant\u00fa, quien tambi\u00e9n en [&hellip;]<\/p>\n","protected":false},"author":9,"featured_media":13281,"comment_status":"open","ping_status":"closed","sticky":false,"template":"","format":"standard","meta":{"footnotes":""},"categories":[18],"tags":[100,310],"class_list":["post-18695","post","type-post","status-publish","format-standard","has-post-thumbnail","hentry","category-locales-juarez","tag-alma-leticia-gonzalez-de-trevino","tag-bodas-colectivas"],"_links":{"self":[{"href":"https:\/\/laultimapalabra.com.mx\/portal\/wp-json\/wp\/v2\/posts\/18695","targetHints":{"allow":["GET"]}}],"collection":[{"href":"https:\/\/laultimapalabra.com.mx\/portal\/wp-json\/wp\/v2\/posts"}],"about":[{"href":"https:\/\/laultimapalabra.com.mx\/portal\/wp-json\/wp\/v2\/types\/post"}],"author":[{"embeddable":true,"href":"https:\/\/laultimapalabra.com.mx\/portal\/wp-json\/wp\/v2\/users\/9"}],"replies":[{"embeddable":true,"href":"https:\/\/laultimapalabra.com.mx\/portal\/wp-json\/wp\/v2\/comments?post=18695"}],"version-history":[{"count":1,"href":"https:\/\/laultimapalabra.com.mx\/portal\/wp-json\/wp\/v2\/posts\/18695\/revisions"}],"predecessor-version":[{"id":72676,"href":"https:\/\/laultimapalabra.com.mx\/portal\/wp-json\/wp\/v2\/posts\/18695\/revisions\/72676"}],"wp:featuredmedia":[{"embeddable":true,"href":"https:\/\/laultimapalabra.com.mx\/portal\/wp-json\/"}],"wp:attachment":[{"href":"https:\/\/laultimapalabra.com.mx\/portal\/wp-json\/wp\/v2\/media?parent=18695"}],"wp:term":[{"taxonomy":"category","embeddable":true,"href":"https:\/\/laultimapalabra.com.mx\/portal\/wp-json\/wp\/v2\/categories?post=18695"},{"taxonomy":"post_tag","embeddable":true,"href":"https:\/\/laultimapalabra.com.mx\/portal\/wp-json\/wp\/v2\/tags?post=18695"}],"curies":[{"name":"wp","href":"https:\/\/api.w.org\/{rel}","templated":true}]}}