                       {"id":18701,"date":"2021-03-25T14:10:00","date_gmt":"2021-03-25T20:10:00","guid":{"rendered":"http:\/\/laultimapalabra.info\/?p=18663"},"modified":"2024-12-11T10:02:58","modified_gmt":"2024-12-11T16:02:58","slug":"baja-afluencia-en-modulos-de-vacunacion-en-juarez","status":"publish","type":"post","link":"https:\/\/laultimapalabra.com.mx\/portal\/baja-afluencia-en-modulos-de-vacunacion-en-juarez\/","title":{"rendered":"Baja afluencia en m\u00f3dulos de vacunaci\u00f3n en Ju\u00e1rez"},"content":{"rendered":"<p><span style=\"font-size: 1rem;\">Los m\u00f3dulos para la aplicaci\u00f3n de la vacuna antiCovid en Ju\u00e1rez registran baja afluencia.<\/span><\/p>\n<p><img loading=\"lazy\" decoding=\"async\" class=\"size-medium wp-image-18664 alignleft\" src=\"https:\/\/laultimapalabra.com.mx\/portal\/wp-content\/uploads\/2021\/03\/IMG-20210325-WA0020-300x200.jpg\" alt=\"\" width=\"300\" height=\"200\" \/>Ju\u00e1rez, N.L.- En el segundo d\u00eda de vacunaci\u00f3n para adultos mayores contra el Covid-19, en el drive thru de Ju\u00e1rez desaparecieron las largas filas y esperas.<\/p>\n<p>A diferencia de lo que ocurri\u00f3 el mi\u00e9rcoles, cuando hubo hileras de cientos de veh\u00edculos, hoy es poca la afluencia que registra esta unidad en Prolongaci\u00f3n Eloy Cavazos.<\/p>\n<p>Los adultos mayores que llegan a vacunarse demoran pocos minutos.<\/p>\n<p>Lo mismo ocurre en los otros m\u00f3dulos convencionales instalados en el municipio, como en la Colonia H\u00e9ctor Caballero, en donde es mucho menor la afluencia que la de ayer.<\/p>\n<p>&#8220;Ayer vino la gran mayor\u00eda de la gente, entonces hoy ya est\u00e1 mucho m\u00e1s tranquilo&#8221;, expres\u00f3 uno de los empleados que da la atenci\u00f3n en el m\u00f3dulo de la H\u00e9ctor Caballero.<\/p>\n<p>En esta unidad, por los fuertes vientos fueron retirados los toldos en los que se aplicaban las dosis, sin embargo, la vacunaci\u00f3n se reubic\u00f3 a una escuela ubicada justo enfrente del m\u00f3dulo, dentro del mismo cerco de atenci\u00f3n, por lo que el proceso continu\u00f3 de manera normal.<\/p>\n","protected":false},"excerpt":{"rendered":"<p>Los m\u00f3dulos para la aplicaci\u00f3n de la vacuna antiCovid en Ju\u00e1rez registran baja afluencia. Ju\u00e1rez, N.L.- En el segundo d\u00eda de vacunaci\u00f3n para adultos mayores contra el Covid-19, en el drive thru de Ju\u00e1rez desaparecieron las largas filas y esperas. A diferencia de lo que ocurri\u00f3 el mi\u00e9rcoles, cuando hubo hileras de cientos de veh\u00edculos, [&hellip;]<\/p>\n","protected":false},"author":9,"featured_media":18724,"comment_status":"open","ping_status":"closed","sticky":false,"template":"","format":"standard","meta":{"footnotes":""},"categories":[17],"tags":[2768],"class_list":["post-18701","post","type-post","status-publish","format-standard","has-post-thumbnail","hentry","category-locales-cadereyta","tag-vacunacion-covid-juarez"],"_links":{"self":[{"href":"https:\/\/laultimapalabra.com.mx\/portal\/wp-json\/wp\/v2\/posts\/18701","targetHints":{"allow":["GET"]}}],"collection":[{"href":"https:\/\/laultimapalabra.com.mx\/portal\/wp-json\/wp\/v2\/posts"}],"about":[{"href":"https:\/\/laultimapalabra.com.mx\/portal\/wp-json\/wp\/v2\/types\/post"}],"author":[{"embeddable":true,"href":"https:\/\/laultimapalabra.com.mx\/portal\/wp-json\/wp\/v2\/users\/9"}],"replies":[{"embeddable":true,"href":"https:\/\/laultimapalabra.com.mx\/portal\/wp-json\/wp\/v2\/comments?post=18701"}],"version-history":[{"count":2,"href":"https:\/\/laultimapalabra.com.mx\/portal\/wp-json\/wp\/v2\/posts\/18701\/revisions"}],"predecessor-version":[{"id":72686,"href":"https:\/\/laultimapalabra.com.mx\/portal\/wp-json\/wp\/v2\/posts\/18701\/revisions\/72686"}],"wp:featuredmedia":[{"embeddable":true,"href":"https:\/\/laultimapalabra.com.mx\/portal\/wp-json\/wp\/v2\/media\/18724"}],"wp:attachment":[{"href":"https:\/\/laultimapalabra.com.mx\/portal\/wp-json\/wp\/v2\/media?parent=18701"}],"wp:term":[{"taxonomy":"category","embeddable":true,"href":"https:\/\/laultimapalabra.com.mx\/portal\/wp-json\/wp\/v2\/categories?post=18701"},{"taxonomy":"post_tag","embeddable":true,"href":"https:\/\/laultimapalabra.com.mx\/portal\/wp-json\/wp\/v2\/tags?post=18701"}],"curies":[{"name":"wp","href":"https:\/\/api.w.org\/{rel}","templated":true}]}}