                       {"id":18808,"date":"2021-04-05T11:37:43","date_gmt":"2021-04-05T17:37:43","guid":{"rendered":"https:\/\/laultimapalabra.com.mx\/portal\/?p=18808"},"modified":"2024-12-11T10:02:59","modified_gmt":"2024-12-11T16:02:59","slug":"habra-terreno-para-mercado-campesino-cosme-leal","status":"publish","type":"post","link":"https:\/\/laultimapalabra.com.mx\/portal\/habra-terreno-para-mercado-campesino-cosme-leal\/","title":{"rendered":"Habr\u00e1 terreno para Mercado Campesino: Cosme Leal"},"content":{"rendered":"<p><span style=\"font-size: 1rem;\">*El campo jimenense contar\u00e1 con un lugar dedicado a ofertar sus productos sin necesidad de intermediarios.<\/span><\/p>\n<p><img loading=\"lazy\" decoding=\"async\" class=\"size-medium wp-image-18810 alignleft\" src=\"https:\/\/laultimapalabra.com.mx\/portal\/wp-content\/uploads\/2021\/04\/IMG-20210405-WA0005-300x225.jpg\" alt=\"\" width=\"300\" height=\"225\" srcset=\"https:\/\/laultimapalabra.com.mx\/portal\/wp-content\/uploads\/2021\/04\/IMG-20210405-WA0005-300x225.jpg 300w, https:\/\/laultimapalabra.com.mx\/portal\/wp-content\/uploads\/2021\/04\/IMG-20210405-WA0005-768x576.jpg 768w, https:\/\/laultimapalabra.com.mx\/portal\/wp-content\/uploads\/2021\/04\/IMG-20210405-WA0005.jpg 1024w\" sizes=\"auto, (max-width: 300px) 100vw, 300px\" \/>Cadereyta Jim\u00e9nez, N.L.- Como primer paso para lograr la instalaci\u00f3n de un espacio en beneficio de los productores jimenenses, donde ellos puedan ofertar sus productos sin necesidad de intermediarios y sus productos sean vendidos a precios justos para ellos, est\u00e1 sin duda el obtener un terreno para dicho fin.<br \/>\nConocedor de est\u00e1 problem\u00e1tica y su soluci\u00f3n desde hace a\u00f1os, el candidato por el Pan, Cosme Leal Cant\u00fa, se ha comprometido a la gesti\u00f3n de un terreno donde se pueda ubicar lo que ser\u00e1 el Mercado Campesino.<br \/>\nProyecto que respaldar\u00e1 al campo jimenense asegurando que sus cosechas sean comercializadas a precios justos.<\/p>\n","protected":false},"excerpt":{"rendered":"<p>*El campo jimenense contar\u00e1 con un lugar dedicado a ofertar sus productos sin necesidad de intermediarios. Cadereyta Jim\u00e9nez, N.L.- Como primer paso para lograr la instalaci\u00f3n de un espacio en beneficio de los productores jimenenses, donde ellos puedan ofertar sus productos sin necesidad de intermediarios y sus productos sean vendidos a precios justos para ellos, [&hellip;]<\/p>\n","protected":false},"author":9,"featured_media":18811,"comment_status":"closed","ping_status":"closed","sticky":false,"template":"","format":"standard","meta":{"footnotes":""},"categories":[17],"tags":[507,719,3056],"class_list":["post-18808","post","type-post","status-publish","format-standard","has-post-thumbnail","hentry","category-locales-cadereyta","tag-cdm-pan-cadereyta","tag-cosme-leal","tag-mercado-campesino-cadereyta"],"_links":{"self":[{"href":"https:\/\/laultimapalabra.com.mx\/portal\/wp-json\/wp\/v2\/posts\/18808","targetHints":{"allow":["GET"]}}],"collection":[{"href":"https:\/\/laultimapalabra.com.mx\/portal\/wp-json\/wp\/v2\/posts"}],"about":[{"href":"https:\/\/laultimapalabra.com.mx\/portal\/wp-json\/wp\/v2\/types\/post"}],"author":[{"embeddable":true,"href":"https:\/\/laultimapalabra.com.mx\/portal\/wp-json\/wp\/v2\/users\/9"}],"replies":[{"embeddable":true,"href":"https:\/\/laultimapalabra.com.mx\/portal\/wp-json\/wp\/v2\/comments?post=18808"}],"version-history":[{"count":3,"href":"https:\/\/laultimapalabra.com.mx\/portal\/wp-json\/wp\/v2\/posts\/18808\/revisions"}],"predecessor-version":[{"id":72712,"href":"https:\/\/laultimapalabra.com.mx\/portal\/wp-json\/wp\/v2\/posts\/18808\/revisions\/72712"}],"wp:featuredmedia":[{"embeddable":true,"href":"https:\/\/laultimapalabra.com.mx\/portal\/wp-json\/wp\/v2\/media\/18811"}],"wp:attachment":[{"href":"https:\/\/laultimapalabra.com.mx\/portal\/wp-json\/wp\/v2\/media?parent=18808"}],"wp:term":[{"taxonomy":"category","embeddable":true,"href":"https:\/\/laultimapalabra.com.mx\/portal\/wp-json\/wp\/v2\/categories?post=18808"},{"taxonomy":"post_tag","embeddable":true,"href":"https:\/\/laultimapalabra.com.mx\/portal\/wp-json\/wp\/v2\/tags?post=18808"}],"curies":[{"name":"wp","href":"https:\/\/api.w.org\/{rel}","templated":true}]}}