                       {"id":18851,"date":"2021-04-05T20:24:55","date_gmt":"2021-04-06T02:24:55","guid":{"rendered":"https:\/\/laultimapalabra.com.mx\/portal\/?p=18851"},"modified":"2024-12-11T10:02:59","modified_gmt":"2024-12-11T16:02:59","slug":"identifican-a-baleado-de-la-lazaro-en-cadereyta","status":"publish","type":"post","link":"https:\/\/laultimapalabra.com.mx\/portal\/identifican-a-baleado-de-la-lazaro-en-cadereyta\/","title":{"rendered":"Identifican a baleado de la L\u00e1zaro en Cadereyta"},"content":{"rendered":"<p><span style=\"font-size: 1rem;\">*Despu\u00e9s de que las autoridades notificaran desconocer el motivo de la agresi\u00f3n hoy se dio a conocer que fue por una ri\u00f1a.<\/span><\/p>\n<p><img loading=\"lazy\" decoding=\"async\" class=\"size-medium wp-image-18852 alignleft\" src=\"https:\/\/laultimapalabra.com.mx\/portal\/wp-content\/uploads\/2021\/04\/5005639-1-300x200.jpg\" alt=\"\" width=\"300\" height=\"200\" srcset=\"https:\/\/laultimapalabra.com.mx\/portal\/wp-content\/uploads\/2021\/04\/5005639-1-300x200.jpg 300w, https:\/\/laultimapalabra.com.mx\/portal\/wp-content\/uploads\/2021\/04\/5005639-1-768x512.jpg 768w, https:\/\/laultimapalabra.com.mx\/portal\/wp-content\/uploads\/2021\/04\/5005639-1.jpg 960w\" sizes=\"auto, (max-width: 300px) 100vw, 300px\" \/>Cadereyta Jim\u00e9nez, N.L.- Luego de ser herido de dos balazos, un hombre muri\u00f3 mientras era atendido en la sala de urgencias de un hospital, en Cadereyta.<br \/>\nEl hecho, del cual la autoridad ministerial investiga como una ri\u00f1a a balazos, se registr\u00f3 la noche del domingo a las 20:40 horas, en el cruce de Melchor Ocampo y Jim\u00e9nez, en la Colonia L\u00e1zaro C\u00e1rdenas.<br \/>\nAnte la autoridad, el ahora occiso fue identificado por sus familiares como Guillermo Oziel Mart\u00ednez Mart\u00ednez, de 20 a\u00f1os.<br \/>\nDe acuerdo con los datos aportados por agentes allegados al caso, la muerte de Mart\u00ednez Mart\u00ednez fue el resultado de su participaci\u00f3n en una ri\u00f1a, en la cual no se mencion\u00f3 el n\u00famero de participantes, pero se dijo que tambi\u00e9n ah\u00ed hab\u00eda quedado otro hombre herido con arma blanca, pero ese dato no fue confirmado por la Polic\u00eda.<br \/>\nMart\u00ednez Mart\u00ednez ingres\u00f3 al hospital presentando dos heridas de bala en el lado izquierdo del pecho, las cuales le causaron fracturas en costillas y da\u00f1o en el pulm\u00f3n del mismo lado.<\/p>\n","protected":false},"excerpt":{"rendered":"<p>*Despu\u00e9s de que las autoridades notificaran desconocer el motivo de la agresi\u00f3n hoy se dio a conocer que fue por una ri\u00f1a. Cadereyta Jim\u00e9nez, N.L.- Luego de ser herido de dos balazos, un hombre muri\u00f3 mientras era atendido en la sala de urgencias de un hospital, en Cadereyta. El hecho, del cual la autoridad ministerial [&hellip;]<\/p>\n","protected":false},"author":9,"featured_media":18852,"comment_status":"closed","ping_status":"closed","sticky":false,"template":"","format":"standard","meta":{"footnotes":""},"categories":[8,9],"tags":[913],"class_list":["post-18851","post","type-post","status-publish","format-standard","has-post-thumbnail","hentry","category-seguridad","category-seguridad-cadereyta","tag-ejecuciones-cadereyta"],"_links":{"self":[{"href":"https:\/\/laultimapalabra.com.mx\/portal\/wp-json\/wp\/v2\/posts\/18851","targetHints":{"allow":["GET"]}}],"collection":[{"href":"https:\/\/laultimapalabra.com.mx\/portal\/wp-json\/wp\/v2\/posts"}],"about":[{"href":"https:\/\/laultimapalabra.com.mx\/portal\/wp-json\/wp\/v2\/types\/post"}],"author":[{"embeddable":true,"href":"https:\/\/laultimapalabra.com.mx\/portal\/wp-json\/wp\/v2\/users\/9"}],"replies":[{"embeddable":true,"href":"https:\/\/laultimapalabra.com.mx\/portal\/wp-json\/wp\/v2\/comments?post=18851"}],"version-history":[{"count":2,"href":"https:\/\/laultimapalabra.com.mx\/portal\/wp-json\/wp\/v2\/posts\/18851\/revisions"}],"predecessor-version":[{"id":72728,"href":"https:\/\/laultimapalabra.com.mx\/portal\/wp-json\/wp\/v2\/posts\/18851\/revisions\/72728"}],"wp:featuredmedia":[{"embeddable":true,"href":"https:\/\/laultimapalabra.com.mx\/portal\/wp-json\/wp\/v2\/media\/18852"}],"wp:attachment":[{"href":"https:\/\/laultimapalabra.com.mx\/portal\/wp-json\/wp\/v2\/media?parent=18851"}],"wp:term":[{"taxonomy":"category","embeddable":true,"href":"https:\/\/laultimapalabra.com.mx\/portal\/wp-json\/wp\/v2\/categories?post=18851"},{"taxonomy":"post_tag","embeddable":true,"href":"https:\/\/laultimapalabra.com.mx\/portal\/wp-json\/wp\/v2\/tags?post=18851"}],"curies":[{"name":"wp","href":"https:\/\/api.w.org\/{rel}","templated":true}]}}