                       {"id":19011,"date":"2021-04-12T15:20:50","date_gmt":"2021-04-12T21:20:50","guid":{"rendered":"https:\/\/laultimapalabra.com.mx\/portal\/?p=19011"},"modified":"2024-12-11T10:03:00","modified_gmt":"2024-12-11T16:03:00","slug":"recibe-paco-trevino-fuerte-apoyo-de-la-gente","status":"publish","type":"post","link":"https:\/\/laultimapalabra.com.mx\/portal\/recibe-paco-trevino-fuerte-apoyo-de-la-gente\/","title":{"rendered":"Recibe Paco Trevi\u00f1o fuerte apoyo de la gente"},"content":{"rendered":"<p><span style=\"font-size: 1rem;\"><img loading=\"lazy\" decoding=\"async\" class=\"size-medium wp-image-19021 alignleft\" src=\"https:\/\/laultimapalabra.com.mx\/portal\/wp-content\/uploads\/2021\/04\/IMG-20210412-WA0038-300x200.jpg\" alt=\"\" width=\"300\" height=\"200\" srcset=\"https:\/\/laultimapalabra.com.mx\/portal\/wp-content\/uploads\/2021\/04\/IMG-20210412-WA0038-300x200.jpg 300w, https:\/\/laultimapalabra.com.mx\/portal\/wp-content\/uploads\/2021\/04\/IMG-20210412-WA0038.jpg 720w\" sizes=\"auto, (max-width: 300px) 100vw, 300px\" \/>Ju\u00e1rez, N.L.- La Avenida Te\u00f3filo Salinas, del municipio de Ju\u00e1rez, se convirti\u00f3 en un aut\u00e9ntico escenario de fiesta con cientos de personas apostadas a lo largo de las calles laterales viendo el paso de una caravana encabezada por Francisco Trevi\u00f1o, candidato a la alcald\u00eda juarense, y Adri\u00e1n de la Garza, candidato a la Gubernatura de Nuevo Le\u00f3n, ambos por la coalici\u00f3n Vamos Fuerte Nuevo Le\u00f3n, conformada por el PRI y el PRD.<\/span><\/p>\n<p>Con sus cubrebocas y siguiendo los protocolos de Salud, los seguidores priistas vieron pasar a sus candidatos.<\/p>\n<p>Acompa\u00f1ados por el presidente nacional del PRI, Alejandro \u201cAlito\u201d Moreno, y Heriberto Trevi\u00f1o, l\u00edder estatal del tricolor, Paco Trevi\u00f1o y Adri\u00e1n de la Garza iniciaron alrededor de las 12:30 horas un recorrido de unos 2 kil\u00f3metros por la mencionada avenida, sobre la caja de una camioneta.<\/p>\n<p>A su paso, los candidatos eran recibidos por la gente portando banderines, sonando matracas y lanzando porras. Tambi\u00e9n se sumaban automovilistas haciendo sonar el claxon de sus veh\u00edculos.<\/p>\n<p>Al terminar el recorrido, de ida y vuelta por las laterales de la Avenida Te\u00f3filo Salinas, Paco Trevi\u00f1o y Adri\u00e1n de la Garza bajaron de la caja de la camioneta e iniciaron un recorrido a pie por calles de la Colonia Villas de San Juan, acompa\u00f1ados por \u201cAlito\u201d Moreno, Heriberto Trevi\u00f1o y los candidatos del PRI a diputaciones locales y federales.<\/p>\n<p>Vecinos de Villas de San Juan sal\u00edan de sus casas para saludar a los candidatos y escuchar las propuestas que tienen para mejorar la calidad de vida en el municipio de Benito Ju\u00e1rez.<\/p>\n","protected":false},"excerpt":{"rendered":"<p>Ju\u00e1rez, N.L.- La Avenida Te\u00f3filo Salinas, del municipio de Ju\u00e1rez, se convirti\u00f3 en un aut\u00e9ntico escenario de fiesta con cientos de personas apostadas a lo largo de las calles laterales viendo el paso de una caravana encabezada por Francisco Trevi\u00f1o, candidato a la alcald\u00eda juarense, y Adri\u00e1n de la Garza, candidato a la Gubernatura de [&hellip;]<\/p>\n","protected":false},"author":9,"featured_media":19020,"comment_status":"closed","ping_status":"closed","sticky":false,"template":"","format":"standard","meta":{"footnotes":""},"categories":[18],"tags":[2701,1187,1684,3068],"class_list":["post-19011","post","type-post","status-publish","format-standard","has-post-thumbnail","hentry","category-locales-juarez","tag-elecciones-2021","tag-heriberto-trevino","tag-paco-trevino","tag-pri-ml"],"_links":{"self":[{"href":"https:\/\/laultimapalabra.com.mx\/portal\/wp-json\/wp\/v2\/posts\/19011","targetHints":{"allow":["GET"]}}],"collection":[{"href":"https:\/\/laultimapalabra.com.mx\/portal\/wp-json\/wp\/v2\/posts"}],"about":[{"href":"https:\/\/laultimapalabra.com.mx\/portal\/wp-json\/wp\/v2\/types\/post"}],"author":[{"embeddable":true,"href":"https:\/\/laultimapalabra.com.mx\/portal\/wp-json\/wp\/v2\/users\/9"}],"replies":[{"embeddable":true,"href":"https:\/\/laultimapalabra.com.mx\/portal\/wp-json\/wp\/v2\/comments?post=19011"}],"version-history":[{"count":2,"href":"https:\/\/laultimapalabra.com.mx\/portal\/wp-json\/wp\/v2\/posts\/19011\/revisions"}],"predecessor-version":[{"id":72790,"href":"https:\/\/laultimapalabra.com.mx\/portal\/wp-json\/wp\/v2\/posts\/19011\/revisions\/72790"}],"wp:featuredmedia":[{"embeddable":true,"href":"https:\/\/laultimapalabra.com.mx\/portal\/wp-json\/wp\/v2\/media\/19020"}],"wp:attachment":[{"href":"https:\/\/laultimapalabra.com.mx\/portal\/wp-json\/wp\/v2\/media?parent=19011"}],"wp:term":[{"taxonomy":"category","embeddable":true,"href":"https:\/\/laultimapalabra.com.mx\/portal\/wp-json\/wp\/v2\/categories?post=19011"},{"taxonomy":"post_tag","embeddable":true,"href":"https:\/\/laultimapalabra.com.mx\/portal\/wp-json\/wp\/v2\/tags?post=19011"}],"curies":[{"name":"wp","href":"https:\/\/api.w.org\/{rel}","templated":true}]}}