                       {"id":19086,"date":"2021-04-15T14:38:58","date_gmt":"2021-04-15T20:38:58","guid":{"rendered":"https:\/\/laultimapalabra.com.mx\/portal\/?p=19086"},"modified":"2024-12-11T10:03:00","modified_gmt":"2024-12-11T16:03:00","slug":"fortalecera-paco-trevino-programas-para-familiar-vulnerables","status":"publish","type":"post","link":"https:\/\/laultimapalabra.com.mx\/portal\/fortalecera-paco-trevino-programas-para-familiar-vulnerables\/","title":{"rendered":"Fortalecer\u00e1 Paco Trevi\u00f1o programas para familiar vulnerables"},"content":{"rendered":"<p><span style=\"font-size: 1rem;\">*En un recorrido por Real de San Jos\u00e9, Paco Trevi\u00f1o reafirm\u00f3 su compromiso de que incrementar\u00e1 la vigilancia policiaca y se mantendr\u00e1 al pendiente de que todas las luminarias funcionen correctamente.<\/span><\/p>\n<p><img loading=\"lazy\" decoding=\"async\" class=\"size-medium wp-image-19095 alignleft\" src=\"https:\/\/laultimapalabra.com.mx\/portal\/wp-content\/uploads\/2021\/04\/IMG-20210415-WA0014-300x169.jpg\" alt=\"\" width=\"300\" height=\"169\" srcset=\"https:\/\/laultimapalabra.com.mx\/portal\/wp-content\/uploads\/2021\/04\/IMG-20210415-WA0014-300x169.jpg 300w, https:\/\/laultimapalabra.com.mx\/portal\/wp-content\/uploads\/2021\/04\/IMG-20210415-WA0014-1024x576.jpg 1024w, https:\/\/laultimapalabra.com.mx\/portal\/wp-content\/uploads\/2021\/04\/IMG-20210415-WA0014-768x432.jpg 768w, https:\/\/laultimapalabra.com.mx\/portal\/wp-content\/uploads\/2021\/04\/IMG-20210415-WA0014.jpg 1280w\" sizes=\"auto, (max-width: 300px) 100vw, 300px\" \/>Ju\u00e1rez, N.L.- Francisco Trevi\u00f1o, candidato a la alcald\u00eda de Ju\u00e1rez por la coalici\u00f3n Va Fuerte por Nuevo Le\u00f3n, conformada por el PRI y el PRD, buscar\u00e1 reforzar los programas sociales en beneficio de las familias juarenses, sobre todo las m\u00e1s necesitadas econ\u00f3micamente.<\/p>\n<p>\u201cTenemos que fortalecer los programas que est\u00e1n en el DIF municipal, para que les lleguen los desayunos infantiles a los ni\u00f1os que lo requieran, tambi\u00e9n lo del PAASV (Programa Asistencial Alimentario a Sujetos Vulnerables)\u201d, inform\u00f3 Paco Trevi\u00f1o.<\/p>\n<p>Indic\u00f3 que en su administraci\u00f3n buscar\u00e1n que los programas sociales beneficien principalmente a los que m\u00e1s los necesiten.<\/p>\n<p>\u201cHay que realizar un minucioso an\u00e1lisis para verificar que real y atinadamente les lleguen (los beneficios) a las familias que en verdad necesitan de esos programas, vamos a trabajar fuerte en eso\u201d, a\u00f1adi\u00f3 Paco Trevi\u00f1o, \u201csiempre hay que ver por la gente, y sobre todo los que est\u00e9n en situaciones m\u00e1s vulnerables\u201d.<\/p>\n<p>Consider\u00f3 que tambi\u00e9n es importante implementar programas para mujeres emprendedoras, ya que ense\u00f1\u00e1ndoles alg\u00fan oficio, donde ellas puedan preparar productos que luego comercialicen, les ayudar\u00e1 en la econom\u00eda familiar.<\/p>\n<p>En un recorrido por el segundo sector de la Colonia Real de San Jos\u00e9, Paco Trevi\u00f1o reafirm\u00f3 ante los vecinos su compromiso de que incrementar\u00e1 la vigilancia policiaca y se mantendr\u00e1 al pendiente de que todas las luminarias funcionen correctamente.<\/p>\n","protected":false},"excerpt":{"rendered":"<p>*En un recorrido por Real de San Jos\u00e9, Paco Trevi\u00f1o reafirm\u00f3 su compromiso de que incrementar\u00e1 la vigilancia policiaca y se mantendr\u00e1 al pendiente de que todas las luminarias funcionen correctamente. Ju\u00e1rez, N.L.- Francisco Trevi\u00f1o, candidato a la alcald\u00eda de Ju\u00e1rez por la coalici\u00f3n Va Fuerte por Nuevo Le\u00f3n, conformada por el PRI y el [&hellip;]<\/p>\n","protected":false},"author":9,"featured_media":19095,"comment_status":"closed","ping_status":"closed","sticky":false,"template":"","format":"standard","meta":{"footnotes":""},"categories":[1],"tags":[2701,1684],"class_list":["post-19086","post","type-post","status-publish","format-standard","has-post-thumbnail","hentry","category-noticias","tag-elecciones-2021","tag-paco-trevino"],"_links":{"self":[{"href":"https:\/\/laultimapalabra.com.mx\/portal\/wp-json\/wp\/v2\/posts\/19086","targetHints":{"allow":["GET"]}}],"collection":[{"href":"https:\/\/laultimapalabra.com.mx\/portal\/wp-json\/wp\/v2\/posts"}],"about":[{"href":"https:\/\/laultimapalabra.com.mx\/portal\/wp-json\/wp\/v2\/types\/post"}],"author":[{"embeddable":true,"href":"https:\/\/laultimapalabra.com.mx\/portal\/wp-json\/wp\/v2\/users\/9"}],"replies":[{"embeddable":true,"href":"https:\/\/laultimapalabra.com.mx\/portal\/wp-json\/wp\/v2\/comments?post=19086"}],"version-history":[{"count":3,"href":"https:\/\/laultimapalabra.com.mx\/portal\/wp-json\/wp\/v2\/posts\/19086\/revisions"}],"predecessor-version":[{"id":72822,"href":"https:\/\/laultimapalabra.com.mx\/portal\/wp-json\/wp\/v2\/posts\/19086\/revisions\/72822"}],"wp:featuredmedia":[{"embeddable":true,"href":"https:\/\/laultimapalabra.com.mx\/portal\/wp-json\/wp\/v2\/media\/19095"}],"wp:attachment":[{"href":"https:\/\/laultimapalabra.com.mx\/portal\/wp-json\/wp\/v2\/media?parent=19086"}],"wp:term":[{"taxonomy":"category","embeddable":true,"href":"https:\/\/laultimapalabra.com.mx\/portal\/wp-json\/wp\/v2\/categories?post=19086"},{"taxonomy":"post_tag","embeddable":true,"href":"https:\/\/laultimapalabra.com.mx\/portal\/wp-json\/wp\/v2\/tags?post=19086"}],"curies":[{"name":"wp","href":"https:\/\/api.w.org\/{rel}","templated":true}]}}